{"id":6861,"date":"2019-07-28T13:39:59","date_gmt":"2019-07-28T11:39:59","guid":{"rendered":"http:\/\/lesmaconsdelacreuse.fr\/annuaire\/?p=6861"},"modified":"2020-09-07T08:55:57","modified_gmt":"2020-09-07T06:55:57","slug":"l_737","status":"publish","type":"post","link":"https:\/\/www.lesmaconsdelacreuse.fr\/annuaires\/lettre-l\/l_737\/","title":{"rendered":"LEBRAUD Albert (1888-1971)"},"content":{"rendered":"<p class=\"last-updated\"><strong>Mis \u00e0 jour le :<\/strong> 28\/04\/2026<\/p><h2 style=\"text-align: center;\"><strong>Albert LEBRAUD<\/strong><\/h2>\n<p style=\"text-align: center;\"><strong>1888 \u2013 1971<\/strong><\/p>\n<p style=\"text-align: center;\"><a href=\"https:\/\/www.lesmaconsdelacreuse.fr\/annuaires\/wp-content\/uploads\/2019\/07\/lebraud.jpg\"><img loading=\"lazy\" decoding=\"async\" class=\"alignnone  wp-image-178232\" src=\"https:\/\/www.lesmaconsdelacreuse.fr\/annuaires\/wp-content\/uploads\/2019\/07\/lebraud.jpg\" alt=\"\" width=\"167\" height=\"63\" \/><\/a><\/p>\n<p>&nbsp;<\/p>\n<p style=\"text-align: center;\">\n<h4 style=\"text-align: center;\"><span style=\"color: #008000;\"><strong>ma\u00e7on<\/strong><\/span><\/h4>\n<p style=\"text-align: center;\">n\u00e9 au Leyris\u00a0(Roy\u00e8re)<\/p>\n<p style=\"text-align: center;\">le 9 juillet 1888<\/p>\n<p style=\"text-align: center;\">fils de<\/p>\n<p style=\"text-align: center;\">Gabriel LEBRAUD, <span style=\"color: #008000;\"><strong>ma\u00e7on<\/strong><\/span><\/p>\n<p style=\"text-align: center;\">Marie DUBAYLE, cultivatrice<\/p>\n<p style=\"text-align: center;\"><span style=\"color: #ffffff;\">\u25d9<\/span><\/p>\n<p><strong>En 1909<\/strong><em>, Albert travaille dans la <\/em><strong><span style=\"color: #0000ff;\">Seine<\/span> <\/strong><em>et y passe le conseil de r\u00e9vision.<\/em><\/p>\n<p><strong>De 1911 \u00e0 1914<\/strong><em>, il habite <\/em><span style=\"color: #0000ff;\"><strong>Paris (75)<\/strong><\/span><em>, rue du Ch\u00e2teau, dans le 14e arrondissement.<\/em><\/p>\n<p><em>Il \u00e9pouse Jeanne <\/em><strong>BRACHET<\/strong><em> le 7 mars <\/em><strong>1916<\/strong><em> \u00e0 Paris 14e. <\/em><\/p>\n<p><strong>En 1925<\/strong><em>, il est \u00e0 <\/em><span style=\"color: #0000ff;\"><strong>Villejuif (94)<\/strong><\/span><em> .<\/em><\/p>\n<p><em> Il d\u00e9c\u00e8de le 26 janvier <\/em><strong>1971<\/strong><em> \u00e0 Salon-la-Tour (19), \u00e2g\u00e9 de 82 ans.<\/em><\/p>\n<p>&nbsp;<\/p>\n","protected":false},"excerpt":{"rendered":"<p>Mis \u00e0 jour le : 28\/04\/2026Albert LEBRAUD 1888 \u2013 1971 &nbsp; ma\u00e7on n\u00e9 au Leyris\u00a0(Roy\u00e8re) le 9 juillet 1888 fils de Gabriel LEBRAUD, ma\u00e7on Marie DUBAYLE, cultivatrice \u25d9 En 1909, Albert travaille dans la Seine et y passe le conseil de r\u00e9vision. De 1911 \u00e0 1914, il habite Paris (75), rue du Ch\u00e2teau, dans le ..<\/p>\n<div class=\"clear-fix\"><\/div>\n<p><a href=\"https:\/\/www.lesmaconsdelacreuse.fr\/annuaires\/lettre-l\/l_737\/\" title=\"Lire la suite...\">Lire la suite<\/a><\/p>\n","protected":false},"author":6,"featured_media":0,"comment_status":"closed","ping_status":"closed","sticky":false,"template":"","format":"standard","meta":{"_acf_changed":false,"_exactmetrics_skip_tracking":false,"_exactmetrics_sitenote_active":false,"_exactmetrics_sitenote_note":"","_exactmetrics_sitenote_category":0,"footnotes":""},"categories":[19],"tags":[],"class_list":["post-6861","post","type-post","status-publish","format-standard","hentry","category-lettre-l"],"acf":[],"_links":{"self":[{"href":"https:\/\/www.lesmaconsdelacreuse.fr\/annuaires\/wp-json\/wp\/v2\/posts\/6861","targetHints":{"allow":["GET"]}}],"collection":[{"href":"https:\/\/www.lesmaconsdelacreuse.fr\/annuaires\/wp-json\/wp\/v2\/posts"}],"about":[{"href":"https:\/\/www.lesmaconsdelacreuse.fr\/annuaires\/wp-json\/wp\/v2\/types\/post"}],"author":[{"embeddable":true,"href":"https:\/\/www.lesmaconsdelacreuse.fr\/annuaires\/wp-json\/wp\/v2\/users\/6"}],"replies":[{"embeddable":true,"href":"https:\/\/www.lesmaconsdelacreuse.fr\/annuaires\/wp-json\/wp\/v2\/comments?post=6861"}],"version-history":[{"count":0,"href":"https:\/\/www.lesmaconsdelacreuse.fr\/annuaires\/wp-json\/wp\/v2\/posts\/6861\/revisions"}],"wp:attachment":[{"href":"https:\/\/www.lesmaconsdelacreuse.fr\/annuaires\/wp-json\/wp\/v2\/media?parent=6861"}],"wp:term":[{"taxonomy":"category","embeddable":true,"href":"https:\/\/www.lesmaconsdelacreuse.fr\/annuaires\/wp-json\/wp\/v2\/categories?post=6861"},{"taxonomy":"post_tag","embeddable":true,"href":"https:\/\/www.lesmaconsdelacreuse.fr\/annuaires\/wp-json\/wp\/v2\/tags?post=6861"}],"curies":[{"name":"wp","href":"https:\/\/api.w.org\/{rel}","templated":true}]}}