{"id":6876,"date":"2019-07-28T13:39:58","date_gmt":"2019-07-28T11:39:58","guid":{"rendered":"http:\/\/lesmaconsdelacreuse.fr\/annuaire\/?p=6876"},"modified":"2020-10-14T10:18:08","modified_gmt":"2020-10-14T08:18:08","slug":"l_761","status":"publish","type":"post","link":"https:\/\/www.lesmaconsdelacreuse.fr\/annuaires\/lettre-l\/l_761\/","title":{"rendered":"LEBRAUD \u00c9tienne (1802-1865)"},"content":{"rendered":"<p class=\"last-updated\"><strong>Mis \u00e0 jour le :<\/strong> 28\/04\/2026<\/p><h2 style=\"text-align: center;\"><strong>\u00c9tienne LEBRAUD<\/strong><\/h2>\n<p style=\"text-align: center;\"><strong>1802 \u2013 1865<\/strong><\/p>\n<p style=\"text-align: center;\"><img decoding=\"async\" title=\"\" src=\"https:\/\/lesmaconsdelacreuse.fr\/annuaire\/wp-content\/uploads\/2019\/07\/image1-1742.jpg\" alt=\"\" data-source-id=\"i.0\" data-asset-id=\"6874\" \/><\/p>\n<h4 style=\"text-align: center;\"><strong><span style=\"color: #008000;\">\u25ba\u00a0<a href=\"https:\/\/www.lesmaconsdelacreuse.fr\/annuaires\/wp-content\/uploads\/2020\/07\/MA\u00ceTRE-MA\u00c7ON.png\" target=\"_blank\" rel=\"noopener noreferrer\"><span style=\"color: #008000;\">ma\u00eetre ma\u00e7on<\/span><\/a><\/span><\/strong><\/h4>\n<p>&nbsp;<\/p>\n<p style=\"text-align: center;\">n\u00e9 \u00e0 Orladeix (Roy\u00e8re)<\/p>\n<p style=\"text-align: center;\">le 21 frimaire an XI (12 novembre 1802)<\/p>\n<p style=\"text-align: center;\">fils de<\/p>\n<p style=\"text-align: center;\">Martial LEBRAUD,<span style=\"color: #008000;\"><strong> ma\u00e7on<\/strong><\/span><\/p>\n<p style=\"text-align: center;\">Marie LENOIR, cultivatrice<\/p>\n<p style=\"text-align: center;\"><span style=\"color: #ffffff;\">\u25d9<\/span><\/p>\n<p><em>\u00c9tienne, <\/em><span style=\"color: #008000;\"><strong>ma\u00e7on<\/strong><\/span><em>, \u00e9pouse Jeanne <\/em><strong>PORTIER <\/strong><em>le 24 f\u00e9vrier <\/em><strong>1823<\/strong> <em>\u00e0 Roy\u00e8re (contrat Coutisson). Il ne sait pas encore signer. Le couple habite Orladeix.<\/em><\/p>\n<p>\u25ba<span style=\"color: #000000;\"><strong><a style=\"color: #000000;\" href=\"https:\/\/www.lesmaconsdelacreuse.fr\/annuaires\/\/wp-content\/uploads\/DOCUMENTS\/1835_-_Construction_dun_pont_sur_une_branche_de_la_Maulde.pdf\" target=\"_blank\" rel=\"noopener noreferrer\">En 1835<\/a><\/strong><\/span><em>, \u00c9tienne, <\/em><span style=\"color: #008000;\"><strong>ma\u00eetre ma\u00e7on<\/strong><\/span><em>, emporte, avec Alexis LESTARD de Vauveix, l\u2019adjudication de la construction d\u2019un pont sur une branche de la Maulde, pr\u00e8s du village de Vauveix, commune de Roy\u00e8re.<\/em><\/p>\n<p>\u25ba<span style=\"color: #000000;\"><strong><a style=\"color: #000000;\" href=\"https:\/\/www.lesmaconsdelacreuse.fr\/annuaires\/\/wp-content\/uploads\/DOCUMENTS\/1835_-_Travaux_sur_le_chemin_de_Royere_a_Saint-Pardoux-Lavaud.pdf\" target=\"_blank\" rel=\"noopener noreferrer\">En 1835<\/a><\/strong><\/span><em>, \u00e9galement, pour la m\u00eame commune, il est adjudicataire de travaux sur le chemin de Roy\u00e8re \u00e0 Saint-Pardoux-Lavaud.<\/em><\/p>\n<p><em> Jeanne d\u00e9c\u00e8de \u00e0 Orladeix le 31 d\u00e9cembre <\/em><strong>1846<\/strong><em>, \u00e2g\u00e9e de 48 ans. <\/em><\/p>\n<p><strong>En 1848<\/strong><em>, \u00c9tienne travaille dans la commune de <\/em><strong><span style=\"color: #0000ff;\">Lentilly (69)<\/span>\u00a0<\/strong><em>;<\/em><\/p>\n<p><strong>en 1856<\/strong><em>, \u00e0 <\/em><span style=\"color: #0000ff;\"><strong>Chazay-d\u2019Azergues (69)<\/strong><\/span><\/p>\n<p><em>Il s\u2019y remarie avec Claudine <\/em><strong>BLANC<\/strong><em> le 19 f\u00e9vrier de la m\u00eame ann\u00e9e.<\/em><\/p>\n<p><em> Il d\u00e9c\u00e8de \u00e0 \u25ba<a href=\"https:\/\/www.lesmaconsdelacreuse.fr\/annuaires\/\/wp-content\/uploads\/PHOTOS_-_CARTES_POSTALES\/\/LYON_-_Hopital_de_lHotel-Dieu.jpg\" target=\"_blank\" rel=\"noopener noreferrer\">l\u2019H\u00f4tel-Dieu<\/a> de Lyon le 26 ao\u00fbt <\/em><strong>1865<\/strong><em>, \u00e2g\u00e9 de 64 ans, habitant toujours Chazay. <\/em><\/p>\n<p>&nbsp;<\/p>\n","protected":false},"excerpt":{"rendered":"<p>Mis \u00e0 jour le : 28\/04\/2026\u00c9tienne LEBRAUD 1802 \u2013 1865 \u25ba\u00a0ma\u00eetre ma\u00e7on &nbsp; n\u00e9 \u00e0 Orladeix (Roy\u00e8re) le 21 frimaire an XI (12 novembre 1802) fils de Martial LEBRAUD, ma\u00e7on Marie LENOIR, cultivatrice \u25d9 \u00c9tienne, ma\u00e7on, \u00e9pouse Jeanne PORTIER le 24 f\u00e9vrier 1823 \u00e0 Roy\u00e8re (contrat Coutisson). Il ne sait pas encore signer. Le couple ..<\/p>\n<div class=\"clear-fix\"><\/div>\n<p><a href=\"https:\/\/www.lesmaconsdelacreuse.fr\/annuaires\/lettre-l\/l_761\/\" title=\"Lire la suite...\">Lire la suite<\/a><\/p>\n","protected":false},"author":6,"featured_media":0,"comment_status":"closed","ping_status":"closed","sticky":false,"template":"","format":"standard","meta":{"_acf_changed":false,"_exactmetrics_skip_tracking":false,"_exactmetrics_sitenote_active":false,"_exactmetrics_sitenote_note":"","_exactmetrics_sitenote_category":0,"footnotes":""},"categories":[19],"tags":[],"class_list":["post-6876","post","type-post","status-publish","format-standard","hentry","category-lettre-l"],"acf":[],"_links":{"self":[{"href":"https:\/\/www.lesmaconsdelacreuse.fr\/annuaires\/wp-json\/wp\/v2\/posts\/6876","targetHints":{"allow":["GET"]}}],"collection":[{"href":"https:\/\/www.lesmaconsdelacreuse.fr\/annuaires\/wp-json\/wp\/v2\/posts"}],"about":[{"href":"https:\/\/www.lesmaconsdelacreuse.fr\/annuaires\/wp-json\/wp\/v2\/types\/post"}],"author":[{"embeddable":true,"href":"https:\/\/www.lesmaconsdelacreuse.fr\/annuaires\/wp-json\/wp\/v2\/users\/6"}],"replies":[{"embeddable":true,"href":"https:\/\/www.lesmaconsdelacreuse.fr\/annuaires\/wp-json\/wp\/v2\/comments?post=6876"}],"version-history":[{"count":0,"href":"https:\/\/www.lesmaconsdelacreuse.fr\/annuaires\/wp-json\/wp\/v2\/posts\/6876\/revisions"}],"wp:attachment":[{"href":"https:\/\/www.lesmaconsdelacreuse.fr\/annuaires\/wp-json\/wp\/v2\/media?parent=6876"}],"wp:term":[{"taxonomy":"category","embeddable":true,"href":"https:\/\/www.lesmaconsdelacreuse.fr\/annuaires\/wp-json\/wp\/v2\/categories?post=6876"},{"taxonomy":"post_tag","embeddable":true,"href":"https:\/\/www.lesmaconsdelacreuse.fr\/annuaires\/wp-json\/wp\/v2\/tags?post=6876"}],"curies":[{"name":"wp","href":"https:\/\/api.w.org\/{rel}","templated":true}]}}