{"id":6877,"date":"2019-07-28T13:39:58","date_gmt":"2019-07-28T11:39:58","guid":{"rendered":"http:\/\/lesmaconsdelacreuse.fr\/annuaire\/?p=6877"},"modified":"2020-02-11T12:22:28","modified_gmt":"2020-02-11T11:22:28","slug":"l_746","status":"publish","type":"post","link":"https:\/\/www.lesmaconsdelacreuse.fr\/annuaires\/lettre-l\/l_746\/","title":{"rendered":"LEBRAUD Antoine (1822-1848)"},"content":{"rendered":"<p class=\"last-updated\"><strong>Mis \u00e0 jour le :<\/strong> 28\/04\/2026<\/p><h2 style=\"text-align: center;\"><strong>Antoine LEBRAUD<\/strong><\/h2>\n<p style=\"text-align: center;\"><strong>1822 \u2013 1848<\/strong><\/p>\n<p style=\"text-align: center;\"><img decoding=\"async\" title=\"\" src=\"https:\/\/lesmaconsdelacreuse.fr\/annuaire\/wp-content\/uploads\/2019\/07\/image1-1743.jpg\" alt=\"\" data-source-id=\"i.0\" data-asset-id=\"6875\" \/><\/p>\n<h4 style=\"text-align: center;\"><span style=\"color: #008000;\"><strong>ma\u00e7on<\/strong><\/span><\/h4>\n<p style=\"text-align: center;\">n\u00e9 \u00e0 Vauveix (Roy\u00e8re)<\/p>\n<p style=\"text-align: center;\">le 13 octobre 1822<\/p>\n<p style=\"text-align: center;\">fils de<\/p>\n<p style=\"text-align: center;\">L\u00e9onard LEBRAUD \/ Jeanne CL\u00c9MENT<\/p>\n<p style=\"text-align: center;\">cultivateurs<\/p>\n<p style=\"text-align: center;\"><span style=\"color: #ffffff;\">\u25d9<\/span><\/p>\n<p><strong>En 1843<\/strong><em>, Antoine est dispens\u00e9 de service militaire pour probl\u00e8me aux pieds.<\/em><\/p>\n<p><em>Il \u00e9pouse Marie <\/em><strong>LEBRAUD<\/strong><em> le 19 f\u00e9vrier <\/em><strong>1846<\/strong><em> \u00e0 Roy\u00e8re (contrat Toumieux). Ils habitent Orladeix. <\/em><\/p>\n<p><strong>En 1848<\/strong><em>, Antoine travaille \u00e0 <\/em><span style=\"color: #0000ff;\"><strong>Lyon (69)<\/strong><\/span><em> et loge chez M. Lenoir \u00e0 Vaise, 4, place de March\u00e9.<\/em><\/p>\n<p><em>Il d\u00e9c\u00e8de \u00e0 \u25ba<a target=\"_blank\"href=\"https:\/\/www.lesmaconsdelacreuse.fr\/annuaires\/\/wp-content\/uploads\/PHOTOS_-_CARTES_POSTALES\/LYON_-_Hopital_de_lHotel-Dieu.jpg\">l\u2019H\u00f4tel-Dieu<\/a> le 1er octobre de la m\u00eame ann\u00e9e, \u00e2g\u00e9 de 25 ans.<\/em><\/p>\n<p><em>Sa veuve d\u00e9c\u00e8de domestique, au bourg de Roy\u00e8re, le 23 ao\u00fbt <\/em>1880,<em> \u00e2g\u00e9e de 60 ans.<\/em><\/p>\n","protected":false},"excerpt":{"rendered":"<p>Mis \u00e0 jour le : 28\/04\/2026Antoine LEBRAUD 1822 \u2013 1848 ma\u00e7on n\u00e9 \u00e0 Vauveix (Roy\u00e8re) le 13 octobre 1822 fils de L\u00e9onard LEBRAUD \/ Jeanne CL\u00c9MENT cultivateurs \u25d9 En 1843, Antoine est dispens\u00e9 de service militaire pour probl\u00e8me aux pieds. Il \u00e9pouse Marie LEBRAUD le 19 f\u00e9vrier 1846 \u00e0 Roy\u00e8re (contrat Toumieux). Ils habitent Orladeix. ..<\/p>\n<div class=\"clear-fix\"><\/div>\n<p><a href=\"https:\/\/www.lesmaconsdelacreuse.fr\/annuaires\/lettre-l\/l_746\/\" title=\"Lire la suite...\">Lire la suite<\/a><\/p>\n","protected":false},"author":6,"featured_media":0,"comment_status":"closed","ping_status":"closed","sticky":false,"template":"","format":"standard","meta":{"_acf_changed":false,"_exactmetrics_skip_tracking":false,"_exactmetrics_sitenote_active":false,"_exactmetrics_sitenote_note":"","_exactmetrics_sitenote_category":0,"footnotes":""},"categories":[19],"tags":[],"class_list":["post-6877","post","type-post","status-publish","format-standard","hentry","category-lettre-l"],"acf":[],"_links":{"self":[{"href":"https:\/\/www.lesmaconsdelacreuse.fr\/annuaires\/wp-json\/wp\/v2\/posts\/6877","targetHints":{"allow":["GET"]}}],"collection":[{"href":"https:\/\/www.lesmaconsdelacreuse.fr\/annuaires\/wp-json\/wp\/v2\/posts"}],"about":[{"href":"https:\/\/www.lesmaconsdelacreuse.fr\/annuaires\/wp-json\/wp\/v2\/types\/post"}],"author":[{"embeddable":true,"href":"https:\/\/www.lesmaconsdelacreuse.fr\/annuaires\/wp-json\/wp\/v2\/users\/6"}],"replies":[{"embeddable":true,"href":"https:\/\/www.lesmaconsdelacreuse.fr\/annuaires\/wp-json\/wp\/v2\/comments?post=6877"}],"version-history":[{"count":0,"href":"https:\/\/www.lesmaconsdelacreuse.fr\/annuaires\/wp-json\/wp\/v2\/posts\/6877\/revisions"}],"wp:attachment":[{"href":"https:\/\/www.lesmaconsdelacreuse.fr\/annuaires\/wp-json\/wp\/v2\/media?parent=6877"}],"wp:term":[{"taxonomy":"category","embeddable":true,"href":"https:\/\/www.lesmaconsdelacreuse.fr\/annuaires\/wp-json\/wp\/v2\/categories?post=6877"},{"taxonomy":"post_tag","embeddable":true,"href":"https:\/\/www.lesmaconsdelacreuse.fr\/annuaires\/wp-json\/wp\/v2\/tags?post=6877"}],"curies":[{"name":"wp","href":"https:\/\/api.w.org\/{rel}","templated":true}]}}