{"id":6882,"date":"2019-07-28T13:39:58","date_gmt":"2019-07-28T11:39:58","guid":{"rendered":"http:\/\/lesmaconsdelacreuse.fr\/annuaire\/?p=6882"},"modified":"2020-09-28T17:46:45","modified_gmt":"2020-09-28T15:46:45","slug":"l_764","status":"publish","type":"post","link":"https:\/\/www.lesmaconsdelacreuse.fr\/annuaires\/lettre-l\/l_764\/","title":{"rendered":"LEBRAUD \u00c9tienne Louis (1849-1900)"},"content":{"rendered":"<p class=\"last-updated\"><strong>Mis \u00e0 jour le :<\/strong> 28\/04\/2026<\/p><h2 style=\"text-align: center;\"><strong>\u00c9tienne Louis LEBRAUD<\/strong><\/h2>\n<p style=\"text-align: center;\"><strong>Louis LEBRAUD<\/strong><\/p>\n<p style=\"text-align: center;\"><strong>1849 \u2013 1900<\/strong><\/p>\n<p style=\"text-align: center;\"><img loading=\"lazy\" decoding=\"async\" class=\"\" title=\"\" src=\"https:\/\/lesmaconsdelacreuse.fr\/annuaire\/wp-content\/uploads\/2019\/07\/image1-1745.jpg\" alt=\"\" width=\"432\" height=\"67\" data-source-id=\"i.0\" data-asset-id=\"6879\" \/><\/p>\n<h4 style=\"text-align: center;\"><span style=\"color: #008000;\"><strong>ma\u00e7on<\/strong><\/span><\/h4>\n<h4><\/h4>\n<p style=\"text-align: center;\">n\u00e9 \u00e0 Orladeix (Roy\u00e8re)<\/p>\n<p style=\"text-align: center;\">le 1er octobre 1849<\/p>\n<p style=\"text-align: center;\">fils de<\/p>\n<p style=\"text-align: center;\">Jean LEBRAUD, <span style=\"color: #008000;\"><strong>ma\u00e7on<\/strong><\/span><\/p>\n<p style=\"text-align: center;\">Jeanne CANCALON, cultivatrice<\/p>\n<p style=\"text-align: center;\"><span style=\"color: #ffffff;\">\u25d9<\/span><\/p>\n<p>En 1872 et 1876<em>, Louis habite le bourg d\u2019<\/em><span style=\"color: #0000ff;\"><strong>\u00c9cully (69)<\/strong><\/span><em><span style=\"color: #0000ff;\">.<\/span> <\/em><\/p>\n<p><em>Il y habite encore avec ses parents, lorsqu\u2019il \u00e9pouse Jeanne Marie <\/em><strong>DESNOYERS<\/strong><em>, tailleuse, le 29 novembre <\/em>1877<em> \u00e0 Dardilly (69 \u2013 contrat Magnac).<\/em><\/p>\n<p>En 1879<em>, les \u00e9poux habitent encore \u00c9cully. <\/em><\/p>\n<p>En 1895<em>, Louis habite <\/em><span style=\"color: #0000ff;\"><strong>Lyon (69)<\/strong><\/span><em> 3, rue de la Claire, 9e arrondissement. Il est incarc\u00e9r\u00e9 un mois \u00e0 la \u25ba<a href=\"https:\/\/www.lesmaconsdelacreuse.fr\/annuaires\/wp-content\/uploads\/2020\/08\/PRISON-SAINT-PAUL.png\" target=\"_blank\" rel=\"noopener noreferrer\">prison Saint-Paul<\/a> pour complicit\u00e9 d\u2019escroquerie ;<\/em><\/p>\n<p>En 1900<em>, \u00e9poux de Marie <\/em><strong>MOREL<\/strong><em>, il habite avec elle 37, rue des Tuileries.<\/em><\/p>\n<p><em>Il d\u00e9c\u00e8de de tuberculose pulmonaire \u00e0 Lyon 4e, \u00e0 \u25ba<a href=\"https:\/\/www.lesmaconsdelacreuse.fr\/annuaires\/\/wp-content\/uploads\/PHOTOS_-_CARTES_POSTALES\/LYON_-_Hopital_de_la_Croix_Rousse.jpg\" target=\"_blank\" rel=\"noopener noreferrer\">l\u2019H\u00f4pital de la Croix-Rousse<\/a>, le 18 juillet de la m\u00eame ann\u00e9e, \u00e2g\u00e9 de 50 ans. <\/em><\/p>\n<p>&nbsp;<\/p>\n","protected":false},"excerpt":{"rendered":"<p>Mis \u00e0 jour le : 28\/04\/2026\u00c9tienne Louis LEBRAUD Louis LEBRAUD 1849 \u2013 1900 ma\u00e7on n\u00e9 \u00e0 Orladeix (Roy\u00e8re) le 1er octobre 1849 fils de Jean LEBRAUD, ma\u00e7on Jeanne CANCALON, cultivatrice \u25d9 En 1872 et 1876, Louis habite le bourg d\u2019\u00c9cully (69). Il y habite encore avec ses parents, lorsqu\u2019il \u00e9pouse Jeanne Marie DESNOYERS, tailleuse, le ..<\/p>\n<div class=\"clear-fix\"><\/div>\n<p><a href=\"https:\/\/www.lesmaconsdelacreuse.fr\/annuaires\/lettre-l\/l_764\/\" title=\"Lire la suite...\">Lire la suite<\/a><\/p>\n","protected":false},"author":6,"featured_media":0,"comment_status":"closed","ping_status":"closed","sticky":false,"template":"","format":"standard","meta":{"_acf_changed":false,"_exactmetrics_skip_tracking":false,"_exactmetrics_sitenote_active":false,"_exactmetrics_sitenote_note":"","_exactmetrics_sitenote_category":0,"footnotes":""},"categories":[19],"tags":[],"class_list":["post-6882","post","type-post","status-publish","format-standard","hentry","category-lettre-l"],"acf":[],"_links":{"self":[{"href":"https:\/\/www.lesmaconsdelacreuse.fr\/annuaires\/wp-json\/wp\/v2\/posts\/6882","targetHints":{"allow":["GET"]}}],"collection":[{"href":"https:\/\/www.lesmaconsdelacreuse.fr\/annuaires\/wp-json\/wp\/v2\/posts"}],"about":[{"href":"https:\/\/www.lesmaconsdelacreuse.fr\/annuaires\/wp-json\/wp\/v2\/types\/post"}],"author":[{"embeddable":true,"href":"https:\/\/www.lesmaconsdelacreuse.fr\/annuaires\/wp-json\/wp\/v2\/users\/6"}],"replies":[{"embeddable":true,"href":"https:\/\/www.lesmaconsdelacreuse.fr\/annuaires\/wp-json\/wp\/v2\/comments?post=6882"}],"version-history":[{"count":0,"href":"https:\/\/www.lesmaconsdelacreuse.fr\/annuaires\/wp-json\/wp\/v2\/posts\/6882\/revisions"}],"wp:attachment":[{"href":"https:\/\/www.lesmaconsdelacreuse.fr\/annuaires\/wp-json\/wp\/v2\/media?parent=6882"}],"wp:term":[{"taxonomy":"category","embeddable":true,"href":"https:\/\/www.lesmaconsdelacreuse.fr\/annuaires\/wp-json\/wp\/v2\/categories?post=6882"},{"taxonomy":"post_tag","embeddable":true,"href":"https:\/\/www.lesmaconsdelacreuse.fr\/annuaires\/wp-json\/wp\/v2\/tags?post=6882"}],"curies":[{"name":"wp","href":"https:\/\/api.w.org\/{rel}","templated":true}]}}