{"id":6886,"date":"2019-07-28T13:39:57","date_gmt":"2019-07-28T11:39:57","guid":{"rendered":"http:\/\/lesmaconsdelacreuse.fr\/annuaire\/?p=6886"},"modified":"2020-10-11T14:57:31","modified_gmt":"2020-10-11T12:57:31","slug":"l_745","status":"publish","type":"post","link":"https:\/\/www.lesmaconsdelacreuse.fr\/annuaires\/lettre-l\/l_745\/","title":{"rendered":"LEBRAUD Antoine (1815-1889)"},"content":{"rendered":"<p class=\"last-updated\"><strong>Mis \u00e0 jour le :<\/strong> 28\/04\/2026<\/p><h2 style=\"text-align: center;\"><strong>Antoine LEBRAUD<\/strong><\/h2>\n<p style=\"text-align: center;\"><strong>1815 \u2013 1889<\/strong><\/p>\n<p style=\"text-align: center;\"><img decoding=\"async\" title=\"\" src=\"https:\/\/lesmaconsdelacreuse.fr\/annuaire\/wp-content\/uploads\/2019\/07\/image1-1747.jpg\" alt=\"\" data-source-id=\"i.0\" data-asset-id=\"6883\" \/><\/p>\n<h4 style=\"text-align: center;\"><span style=\"color: #008000;\"><strong>ma\u00e7on<\/strong> et\u00a0\u25ba<a href=\"https:\/\/www.lesmaconsdelacreuse.fr\/annuaires\/wp-content\/uploads\/2020\/08\/FERMIER-M\u00c9TAYER.png\" target=\"_blank\" rel=\"noopener noreferrer\"><span style=\"color: #008000;\">m\u00e9tayer<\/span><\/a><\/span><\/h4>\n<p>&nbsp;<\/p>\n<p style=\"text-align: center;\">n\u00e9 \u00e0 Arpeix (Roy\u00e8re)<\/p>\n<p style=\"text-align: center;\">le 5 avril 1815<\/p>\n<p style=\"text-align: center;\">fils de<\/p>\n<p style=\"text-align: center;\">L\u00e9onard LEBRAUD \/ Jeanne CL\u00c9MENT<\/p>\n<p style=\"text-align: center;\">cultivateurs<\/p>\n<p style=\"text-align: center;\"><span style=\"color: #ffffff;\">\u25d9<\/span><\/p>\n<p><em>Antoine \u00e9pouse Jeanne <\/em><strong>GIGAUDON<\/strong><em> le 5 f\u00e9vrier <\/em><strong>1837<\/strong><em> \u00e0 Saint-Marc-\u00e0-Loubaud (contrat Toumieux \u00e0 Roy\u00e8re). <\/em><\/p>\n<p><strong>En 1839<\/strong><em>, il travaille \u00e0 <\/em><span style=\"color: #0000ff;\"><strong>Montagny (42)<\/strong><\/span><em>.<\/em><\/p>\n<p><em>Il y d\u00e9c\u00e8de le 14 juillet de la m\u00eame ann\u00e9e, \u00e2g\u00e9 de 24 ans. Un des deux t\u00e9moins est Jean GOURBAUD, ma\u00eetre ma\u00e7on de 47 ans , peut-\u00eatre son employeur.<\/em><\/p>\n<p><em> Sa veuve se remarie en 1842 avec Michel URBAIN, ma\u00e7on, et d\u00e9c\u00e8de au Villard le 9 janvier 1889.<\/em><\/p>\n<p>&nbsp;<\/p>\n","protected":false},"excerpt":{"rendered":"<p>Mis \u00e0 jour le : 28\/04\/2026Antoine LEBRAUD 1815 \u2013 1889 ma\u00e7on et\u00a0\u25bam\u00e9tayer &nbsp; n\u00e9 \u00e0 Arpeix (Roy\u00e8re) le 5 avril 1815 fils de L\u00e9onard LEBRAUD \/ Jeanne CL\u00c9MENT cultivateurs \u25d9 Antoine \u00e9pouse Jeanne GIGAUDON le 5 f\u00e9vrier 1837 \u00e0 Saint-Marc-\u00e0-Loubaud (contrat Toumieux \u00e0 Roy\u00e8re). En 1839, il travaille \u00e0 Montagny (42). Il y d\u00e9c\u00e8de le ..<\/p>\n<div class=\"clear-fix\"><\/div>\n<p><a href=\"https:\/\/www.lesmaconsdelacreuse.fr\/annuaires\/lettre-l\/l_745\/\" title=\"Lire la suite...\">Lire la suite<\/a><\/p>\n","protected":false},"author":6,"featured_media":0,"comment_status":"closed","ping_status":"closed","sticky":false,"template":"","format":"standard","meta":{"_acf_changed":false,"_exactmetrics_skip_tracking":false,"_exactmetrics_sitenote_active":false,"_exactmetrics_sitenote_note":"","_exactmetrics_sitenote_category":0,"footnotes":""},"categories":[19],"tags":[],"class_list":["post-6886","post","type-post","status-publish","format-standard","hentry","category-lettre-l"],"acf":[],"_links":{"self":[{"href":"https:\/\/www.lesmaconsdelacreuse.fr\/annuaires\/wp-json\/wp\/v2\/posts\/6886","targetHints":{"allow":["GET"]}}],"collection":[{"href":"https:\/\/www.lesmaconsdelacreuse.fr\/annuaires\/wp-json\/wp\/v2\/posts"}],"about":[{"href":"https:\/\/www.lesmaconsdelacreuse.fr\/annuaires\/wp-json\/wp\/v2\/types\/post"}],"author":[{"embeddable":true,"href":"https:\/\/www.lesmaconsdelacreuse.fr\/annuaires\/wp-json\/wp\/v2\/users\/6"}],"replies":[{"embeddable":true,"href":"https:\/\/www.lesmaconsdelacreuse.fr\/annuaires\/wp-json\/wp\/v2\/comments?post=6886"}],"version-history":[{"count":0,"href":"https:\/\/www.lesmaconsdelacreuse.fr\/annuaires\/wp-json\/wp\/v2\/posts\/6886\/revisions"}],"wp:attachment":[{"href":"https:\/\/www.lesmaconsdelacreuse.fr\/annuaires\/wp-json\/wp\/v2\/media?parent=6886"}],"wp:term":[{"taxonomy":"category","embeddable":true,"href":"https:\/\/www.lesmaconsdelacreuse.fr\/annuaires\/wp-json\/wp\/v2\/categories?post=6886"},{"taxonomy":"post_tag","embeddable":true,"href":"https:\/\/www.lesmaconsdelacreuse.fr\/annuaires\/wp-json\/wp\/v2\/tags?post=6886"}],"curies":[{"name":"wp","href":"https:\/\/api.w.org\/{rel}","templated":true}]}}