{"id":6889,"date":"2019-07-28T13:39:57","date_gmt":"2019-07-28T11:39:57","guid":{"rendered":"http:\/\/lesmaconsdelacreuse.fr\/annuaire\/?p=6889"},"modified":"2020-01-20T11:27:53","modified_gmt":"2020-01-20T10:27:53","slug":"l_858","status":"publish","type":"post","link":"https:\/\/www.lesmaconsdelacreuse.fr\/annuaires\/lettre-l\/l_858\/","title":{"rendered":"LECLERC Jean (vers 1740-1804)"},"content":{"rendered":"<p class=\"last-updated\"><strong>Mis \u00e0 jour le :<\/strong> 28\/04\/2026<\/p><h2 style=\"text-align: center;\"><strong>Jean LECLERC<\/strong><\/h2>\n<p style=\"text-align: center;\"><strong>vers 1740 \u2013 1804<\/strong><\/p>\n<p style=\"text-align: center;\"><img decoding=\"async\" title=\"\" src=\"https:\/\/lesmaconsdelacreuse.fr\/annuaire\/wp-content\/uploads\/2019\/07\/image1-1749.jpg\" alt=\"\" data-source-id=\"i.0\" data-asset-id=\"6888\" \/><\/p>\n<h4 style=\"text-align: center;\"><span style=\"color: #008000;\"><strong>ma\u00e7on <\/strong>et<strong> cultivateur<\/strong><\/span><\/h4>\n<p style=\"text-align: center;\">n\u00e9 \u00e0 Chassagnas (Roy\u00e8re)\u00a0?<\/p>\n<p style=\"text-align: center;\">vers 1740<\/p>\n<p style=\"text-align: center;\">fils de<\/p>\n<p style=\"text-align: center;\">Jean LECLERC \/ Jeanne PIOCHE<\/p>\n<p style=\"text-align: center;\"><span style=\"color: #ffffff;\">\u25d9<\/span><\/p>\n<p><em>Jean \u00e9pouse Madeleine <\/em><strong>LEROUDIER <\/strong><em>le 13 f\u00e9vrier <\/em><strong>1765<\/strong><em> \u00e0 Roy\u00e8re.<\/em><\/p>\n<p><em>Ils habitent Chassagnas, puis Le Cloup, m\u00eame paroisse, o\u00f9 d\u00e9c\u00e8de Madeleine le 30 septembre <\/em><strong>1772<\/strong><em>, \u00e2g\u00e9e de 21 ans. <\/em><\/p>\n<p><em>Jean se remarie le 19 f\u00e9vrier <\/em><strong>1776<\/strong><em> \u00e0 Roy\u00e8re avec Marguerite <\/em><strong>LECLERC<\/strong><em> (contrat Coutisson). <\/em><\/p>\n<p><em>Ils habitent Vauveix, m\u00eame paroisse, o\u00f9 d\u00e9c\u00e8de Marguerite, inhum\u00e9e le 16 d\u00e9cembre <\/em><strong>1778<\/strong>,<em> \u00e2g\u00e9e de 23 ans. <\/em><\/p>\n<p><em>En troisi\u00e8mes noces, Jean \u00e9pouse <\/em>Philippe <strong>JAVAUD<\/strong><em>, veuve de Louis FLEYTOUX,<\/em> <em>le 19 avril <\/em><strong>1784<\/strong><em> \u00e0 Beaumont (87). Ils habitent Vauveix.<\/em><\/p>\n<p><em>Ils y d\u00e9c\u00e8dent\u00a0:<\/em><\/p>\n<ul>\n<li><em>Jean, le 16 germinal an VII (5 avril <\/em><strong>1799<\/strong><em>), \u00e2g\u00e9 de 59 ans environ<\/em><\/li>\n<li><em>Philippe, le 19 niv\u00f4se an XII (10 janvier <\/em><strong>1804<\/strong><em>), \u00e2g\u00e9e de 52 ans environ<\/em><\/li>\n<\/ul>\n","protected":false},"excerpt":{"rendered":"<p>Mis \u00e0 jour le : 28\/04\/2026Jean LECLERC vers 1740 \u2013 1804 ma\u00e7on et cultivateur n\u00e9 \u00e0 Chassagnas (Roy\u00e8re)\u00a0? vers 1740 fils de Jean LECLERC \/ Jeanne PIOCHE \u25d9 Jean \u00e9pouse Madeleine LEROUDIER le 13 f\u00e9vrier 1765 \u00e0 Roy\u00e8re. Ils habitent Chassagnas, puis Le Cloup, m\u00eame paroisse, o\u00f9 d\u00e9c\u00e8de Madeleine le 30 septembre 1772, \u00e2g\u00e9e de ..<\/p>\n<div class=\"clear-fix\"><\/div>\n<p><a href=\"https:\/\/www.lesmaconsdelacreuse.fr\/annuaires\/lettre-l\/l_858\/\" title=\"Lire la suite...\">Lire la suite<\/a><\/p>\n","protected":false},"author":6,"featured_media":0,"comment_status":"closed","ping_status":"closed","sticky":false,"template":"","format":"standard","meta":{"_acf_changed":false,"_exactmetrics_skip_tracking":false,"_exactmetrics_sitenote_active":false,"_exactmetrics_sitenote_note":"","_exactmetrics_sitenote_category":0,"footnotes":""},"categories":[19],"tags":[],"class_list":["post-6889","post","type-post","status-publish","format-standard","hentry","category-lettre-l"],"acf":[],"_links":{"self":[{"href":"https:\/\/www.lesmaconsdelacreuse.fr\/annuaires\/wp-json\/wp\/v2\/posts\/6889","targetHints":{"allow":["GET"]}}],"collection":[{"href":"https:\/\/www.lesmaconsdelacreuse.fr\/annuaires\/wp-json\/wp\/v2\/posts"}],"about":[{"href":"https:\/\/www.lesmaconsdelacreuse.fr\/annuaires\/wp-json\/wp\/v2\/types\/post"}],"author":[{"embeddable":true,"href":"https:\/\/www.lesmaconsdelacreuse.fr\/annuaires\/wp-json\/wp\/v2\/users\/6"}],"replies":[{"embeddable":true,"href":"https:\/\/www.lesmaconsdelacreuse.fr\/annuaires\/wp-json\/wp\/v2\/comments?post=6889"}],"version-history":[{"count":0,"href":"https:\/\/www.lesmaconsdelacreuse.fr\/annuaires\/wp-json\/wp\/v2\/posts\/6889\/revisions"}],"wp:attachment":[{"href":"https:\/\/www.lesmaconsdelacreuse.fr\/annuaires\/wp-json\/wp\/v2\/media?parent=6889"}],"wp:term":[{"taxonomy":"category","embeddable":true,"href":"https:\/\/www.lesmaconsdelacreuse.fr\/annuaires\/wp-json\/wp\/v2\/categories?post=6889"},{"taxonomy":"post_tag","embeddable":true,"href":"https:\/\/www.lesmaconsdelacreuse.fr\/annuaires\/wp-json\/wp\/v2\/tags?post=6889"}],"curies":[{"name":"wp","href":"https:\/\/api.w.org\/{rel}","templated":true}]}}