{"id":6897,"date":"2019-07-28T13:39:57","date_gmt":"2019-07-28T11:39:57","guid":{"rendered":"http:\/\/lesmaconsdelacreuse.fr\/annuaire\/?p=6897"},"modified":"2020-10-04T11:11:09","modified_gmt":"2020-10-04T09:11:09","slug":"l_1115","status":"publish","type":"post","link":"https:\/\/www.lesmaconsdelacreuse.fr\/annuaires\/lettre-l\/l_1115\/","title":{"rendered":"LELUC Jean (1870-1957)"},"content":{"rendered":"<p class=\"last-updated\"><strong>Mis \u00e0 jour le :<\/strong> 28\/04\/2026<\/p><h2 style=\"text-align: center;\"><strong>Jean LELUC<\/strong><\/h2>\n<p style=\"text-align: center;\"><strong>1870 \u2013 1957<\/strong><\/p>\n<p style=\"text-align: center;\"><img loading=\"lazy\" decoding=\"async\" class=\"\" title=\"\" src=\"https:\/\/lesmaconsdelacreuse.fr\/annuaire\/wp-content\/uploads\/2019\/07\/image1-1751.jpg\" alt=\"\" width=\"103\" height=\"65\" data-source-id=\"i.0\" data-asset-id=\"6896\" \/><\/p>\n<h4 style=\"text-align: center;\"><strong><span style=\"color: #008000;\"><em>\u25ba<span style=\"color: #008000;\"><a style=\"color: #008000;\" href=\"https:\/\/www.lesmaconsdelacreuse.fr\/annuaires\/wp-content\/uploads\/2020\/07\/FUMISTE.png\" target=\"_blank\" rel=\"noopener noreferrer\">fumiste<\/a><\/span><\/em> industriel<\/span><\/strong><\/h4>\n<p>&nbsp;<\/p>\n<p style=\"text-align: center;\">n\u00e9 \u00e0 Vauveix (Roy\u00e8re)<\/p>\n<p style=\"text-align: center;\">le 26 novembre 1870<\/p>\n<p style=\"text-align: center;\">fils de<\/p>\n<p style=\"text-align: center;\">L\u00e9onard LELUC, <span style=\"color: #008000;\"><strong>ma\u00e7on <\/strong><\/span><strong>\/ <\/strong>Anne B\u00c9NASSY<\/p>\n<p style=\"text-align: center;\">propri\u00e9taires cultivateurs<\/p>\n<p style=\"text-align: center;\"><span style=\"color: #ffffff;\">\u25d9<\/span><\/p>\n<p><strong>En 1891<\/strong><em>, Jean travaille dans le <\/em><span style=\"color: #0000ff;\"><strong>Rh\u00f4ne (69)<\/strong><\/span><em> et y passe le conseil de r\u00e9vision.<\/em><\/p>\n<p><strong>En 1897<\/strong><em>, il est \u00e0 <\/em><span style=\"color: #0000ff;\"><strong>Chalon-sur-Sa\u00f4ne (71)<\/strong><\/span><em>, \u00e0 la brasserie Poillot\u00a0;<\/em><\/p>\n<p><strong>en 1900<\/strong><em>, \u00e0 <\/em><span style=\"color: #0000ff;\"><strong>Roanne (42)<\/strong><\/span><em>, boulevard du cimeti\u00e8re.<\/em><\/p>\n<p><em> Il \u00e9pouse Jeanne Marguerite <\/em><strong>BOUL\u00c8GUE<\/strong><em>, couturi\u00e8re, le 25 f\u00e9vrier <\/em><strong>1902<\/strong><em> \u00e0 Roy\u00e8re (contrat Toumieux). <\/em><\/p>\n<p><strong>En 1904<\/strong><em>, il est \u00e0 <\/em><span style=\"color: #ff6600;\"><strong>Gen\u00e8ve (SUISSE)<\/strong><\/span><em>, 10, rue des Jardins\u00a0;<\/em><\/p>\n<p><strong>en 1906<\/strong><em>, \u00e0 <\/em><span style=\"color: #0000ff;\"><strong>Marseille (13)<\/strong><\/span><em>;<\/em><\/p>\n<p><strong>en 1910<\/strong><em>, \u00e0 <\/em><span style=\"color: #0000ff;\"><strong>Puteaux (92)<\/strong><\/span><em>, 4, rue de la Mairie\u00a0;<\/em><\/p>\n<p><strong>en 1911<\/strong><em>, \u00e0 <\/em><strong><span style=\"color: #0000ff;\">Levallois-Perret (92<\/span>)<\/strong><em>, 47, rue Chevallier\u00a0;<\/em><\/p>\n<p><strong>en 1915<\/strong><em>, \u00e0 <\/em><span style=\"color: #0000ff;\"><strong>Bezons (95)<\/strong><\/span><em>, 43, rue d\u2019Argenteuil.<\/em><\/p>\n<p><strong>En 1918<\/strong><em>, Jean est mobilis\u00e9 \u00e0 l\u2019usine Massenet \u00e0 Bezons (95).<\/em><\/p>\n<p><em>Les \u00e9poux d\u00e9c\u00e8dent\u00a0:<\/em><\/p>\n<ul>\n<li><em> Jean, \u00e0 Vauveix, le 5 juillet <\/em><strong>1957<\/strong>,<em> \u00e2g\u00e9 de 86 ans<\/em><\/li>\n<li><em> Jeanne, \u00e0 Bourganeuf, le 4 juin <\/em><strong>1960<\/strong><em>, \u00e2g\u00e9e de 80 ans<\/em><\/li>\n<\/ul>\n<p>&nbsp;<\/p>\n","protected":false},"excerpt":{"rendered":"<p>Mis \u00e0 jour le : 28\/04\/2026Jean LELUC 1870 \u2013 1957 \u25bafumiste industriel &nbsp; n\u00e9 \u00e0 Vauveix (Roy\u00e8re) le 26 novembre 1870 fils de L\u00e9onard LELUC, ma\u00e7on \/ Anne B\u00c9NASSY propri\u00e9taires cultivateurs \u25d9 En 1891, Jean travaille dans le Rh\u00f4ne (69) et y passe le conseil de r\u00e9vision. En 1897, il est \u00e0 Chalon-sur-Sa\u00f4ne (71), \u00e0 ..<\/p>\n<div class=\"clear-fix\"><\/div>\n<p><a href=\"https:\/\/www.lesmaconsdelacreuse.fr\/annuaires\/lettre-l\/l_1115\/\" title=\"Lire la suite...\">Lire la suite<\/a><\/p>\n","protected":false},"author":6,"featured_media":0,"comment_status":"closed","ping_status":"closed","sticky":false,"template":"","format":"standard","meta":{"_acf_changed":false,"_exactmetrics_skip_tracking":false,"_exactmetrics_sitenote_active":false,"_exactmetrics_sitenote_note":"","_exactmetrics_sitenote_category":0,"footnotes":""},"categories":[19],"tags":[],"class_list":["post-6897","post","type-post","status-publish","format-standard","hentry","category-lettre-l"],"acf":[],"_links":{"self":[{"href":"https:\/\/www.lesmaconsdelacreuse.fr\/annuaires\/wp-json\/wp\/v2\/posts\/6897","targetHints":{"allow":["GET"]}}],"collection":[{"href":"https:\/\/www.lesmaconsdelacreuse.fr\/annuaires\/wp-json\/wp\/v2\/posts"}],"about":[{"href":"https:\/\/www.lesmaconsdelacreuse.fr\/annuaires\/wp-json\/wp\/v2\/types\/post"}],"author":[{"embeddable":true,"href":"https:\/\/www.lesmaconsdelacreuse.fr\/annuaires\/wp-json\/wp\/v2\/users\/6"}],"replies":[{"embeddable":true,"href":"https:\/\/www.lesmaconsdelacreuse.fr\/annuaires\/wp-json\/wp\/v2\/comments?post=6897"}],"version-history":[{"count":0,"href":"https:\/\/www.lesmaconsdelacreuse.fr\/annuaires\/wp-json\/wp\/v2\/posts\/6897\/revisions"}],"wp:attachment":[{"href":"https:\/\/www.lesmaconsdelacreuse.fr\/annuaires\/wp-json\/wp\/v2\/media?parent=6897"}],"wp:term":[{"taxonomy":"category","embeddable":true,"href":"https:\/\/www.lesmaconsdelacreuse.fr\/annuaires\/wp-json\/wp\/v2\/categories?post=6897"},{"taxonomy":"post_tag","embeddable":true,"href":"https:\/\/www.lesmaconsdelacreuse.fr\/annuaires\/wp-json\/wp\/v2\/tags?post=6897"}],"curies":[{"name":"wp","href":"https:\/\/api.w.org\/{rel}","templated":true}]}}