{"id":6900,"date":"2019-07-28T13:39:57","date_gmt":"2019-07-28T11:39:57","guid":{"rendered":"http:\/\/lesmaconsdelacreuse.fr\/annuaire\/?p=6900"},"modified":"2020-01-20T11:27:52","modified_gmt":"2020-01-20T10:27:52","slug":"l_1112","status":"publish","type":"post","link":"https:\/\/www.lesmaconsdelacreuse.fr\/annuaires\/lettre-l\/l_1112\/","title":{"rendered":"LELARGE L\u00e9onard (1880-1915)"},"content":{"rendered":"<p class=\"last-updated\"><strong>Mis \u00e0 jour le :<\/strong> 28\/04\/2026<\/p><h2 style=\"text-align: center;\"><strong>L\u00e9onard LELARGE<\/strong><\/h2>\n<p style=\"text-align: center;\"><strong>1880 \u2013 1915<\/strong><\/p>\n<p style=\"text-align: center;\"><img loading=\"lazy\" decoding=\"async\" class=\"\" title=\"\" src=\"https:\/\/lesmaconsdelacreuse.fr\/annuaire\/wp-content\/uploads\/2019\/07\/image1-104.png\" alt=\"\" width=\"225\" height=\"125\" data-source-id=\"i.0\" data-asset-id=\"6899\" \/><\/p>\n<h4 style=\"text-align: center;\"><span style=\"color: #008000;\"><strong>entrepreneur de ma\u00e7onnerie <\/strong>et <strong>cultivateur<\/strong><\/span><\/h4>\n<p style=\"text-align: center;\">n\u00e9 \u00e0 Fusinas (Saint-Martin-Ch\u00e2teau)<\/p>\n<p style=\"text-align: center;\">le 8 novembre 1880<\/p>\n<p style=\"text-align: center;\">fils de<\/p>\n<p style=\"text-align: center;\">L\u00e9onard LELARGE, <span style=\"color: #008000;\"><strong>ma\u00e7on<\/strong><\/span><\/p>\n<p style=\"text-align: center;\">Anne DUMAS, cultivatrice<\/p>\n<p style=\"text-align: center;\"><span style=\"color: #ffffff;\">\u25d9<\/span><\/p>\n<p><strong>En 1900<\/strong>, <em>L\u00e9onard est <\/em><span style=\"color: #008000;\"><strong>ma\u00e7on<\/strong><\/span><em>.<\/em><\/p>\n<p><strong>En 1907<\/strong><em>, L\u00e9onard, <\/em><span style=\"color: #008000;\"><strong>entrepreneur<\/strong><\/span><em>, travaille \u00e0 <\/em><span style=\"color: #0000ff;\"><strong>Lyon (69)<\/strong><\/span><em> et loge 21, rue des Foss\u00e9s de Trion dans le 5e arrondissement.<\/em><\/p>\n<p><em>Il \u00e9pouse Victorine <\/em><strong>LAVERGNE<\/strong><em>, native elle aussi de Saint-Martin-Ch\u00e2teau, le 20 avril de la m\u00eame ann\u00e9e<\/em> <em>\u00e0 Lyon 5e (mari\u00e9s sans contrat).<\/em><\/p>\n<p><strong>En 1908<\/strong><em>, ils sont \u00e0 l\u2019adresse de 1907\u00a0;<\/em><\/p>\n<p><strong>en 1914<\/strong><em>, 40, rue Paul Bert. <\/em><\/p>\n<p><em>L\u00e9onard d\u00e9c\u00e8de des suites de blessures \u00e0 Hurlus (51) le 10 janvier <\/em><strong>1915<\/strong><em>, \u00e2g\u00e9 de 34 ans. Son attitude h\u00e9ro\u00efque lui vaut la Croix de Guerre avec \u00e9toile de bronze.<\/em><\/p>\n<p>&nbsp;<\/p>\n","protected":false},"excerpt":{"rendered":"<p>Mis \u00e0 jour le : 28\/04\/2026L\u00e9onard LELARGE 1880 \u2013 1915 entrepreneur de ma\u00e7onnerie et cultivateur n\u00e9 \u00e0 Fusinas (Saint-Martin-Ch\u00e2teau) le 8 novembre 1880 fils de L\u00e9onard LELARGE, ma\u00e7on Anne DUMAS, cultivatrice \u25d9 En 1900, L\u00e9onard est ma\u00e7on. En 1907, L\u00e9onard, entrepreneur, travaille \u00e0 Lyon (69) et loge 21, rue des Foss\u00e9s de Trion dans le ..<\/p>\n<div class=\"clear-fix\"><\/div>\n<p><a href=\"https:\/\/www.lesmaconsdelacreuse.fr\/annuaires\/lettre-l\/l_1112\/\" title=\"Lire la suite...\">Lire la suite<\/a><\/p>\n","protected":false},"author":6,"featured_media":0,"comment_status":"closed","ping_status":"closed","sticky":false,"template":"","format":"standard","meta":{"_acf_changed":false,"_exactmetrics_skip_tracking":false,"_exactmetrics_sitenote_active":false,"_exactmetrics_sitenote_note":"","_exactmetrics_sitenote_category":0,"footnotes":""},"categories":[19],"tags":[],"class_list":["post-6900","post","type-post","status-publish","format-standard","hentry","category-lettre-l"],"acf":[],"_links":{"self":[{"href":"https:\/\/www.lesmaconsdelacreuse.fr\/annuaires\/wp-json\/wp\/v2\/posts\/6900","targetHints":{"allow":["GET"]}}],"collection":[{"href":"https:\/\/www.lesmaconsdelacreuse.fr\/annuaires\/wp-json\/wp\/v2\/posts"}],"about":[{"href":"https:\/\/www.lesmaconsdelacreuse.fr\/annuaires\/wp-json\/wp\/v2\/types\/post"}],"author":[{"embeddable":true,"href":"https:\/\/www.lesmaconsdelacreuse.fr\/annuaires\/wp-json\/wp\/v2\/users\/6"}],"replies":[{"embeddable":true,"href":"https:\/\/www.lesmaconsdelacreuse.fr\/annuaires\/wp-json\/wp\/v2\/comments?post=6900"}],"version-history":[{"count":0,"href":"https:\/\/www.lesmaconsdelacreuse.fr\/annuaires\/wp-json\/wp\/v2\/posts\/6900\/revisions"}],"wp:attachment":[{"href":"https:\/\/www.lesmaconsdelacreuse.fr\/annuaires\/wp-json\/wp\/v2\/media?parent=6900"}],"wp:term":[{"taxonomy":"category","embeddable":true,"href":"https:\/\/www.lesmaconsdelacreuse.fr\/annuaires\/wp-json\/wp\/v2\/categories?post=6900"},{"taxonomy":"post_tag","embeddable":true,"href":"https:\/\/www.lesmaconsdelacreuse.fr\/annuaires\/wp-json\/wp\/v2\/tags?post=6900"}],"curies":[{"name":"wp","href":"https:\/\/api.w.org\/{rel}","templated":true}]}}