{"id":6901,"date":"2019-07-28T13:39:56","date_gmt":"2019-07-28T11:39:56","guid":{"rendered":"http:\/\/lesmaconsdelacreuse.fr\/annuaire\/?p=6901"},"modified":"2020-09-21T09:58:15","modified_gmt":"2020-09-21T07:58:15","slug":"l_1116","status":"publish","type":"post","link":"https:\/\/www.lesmaconsdelacreuse.fr\/annuaires\/lettre-l\/l_1116\/","title":{"rendered":"LELUC L\u00e9onard (1842-1917)"},"content":{"rendered":"<p class=\"last-updated\"><strong>Mis \u00e0 jour le :<\/strong> 28\/04\/2026<\/p><h2 style=\"text-align: center;\"><strong>L\u00e9onard LELUC<\/strong><\/h2>\n<p style=\"text-align: center;\"><strong>1842 \u2013 1917<\/strong><\/p>\n<p style=\"text-align: center;\"><img loading=\"lazy\" decoding=\"async\" class=\"\" title=\"\" src=\"https:\/\/lesmaconsdelacreuse.fr\/annuaire\/wp-content\/uploads\/2019\/07\/image1-1752.jpg\" alt=\"\" width=\"348\" height=\"101\" data-source-id=\"i.0\" data-asset-id=\"6898\" \/><\/p>\n<h4 style=\"text-align: center;\"><span style=\"color: #008000;\"><strong>ma\u00e7on<\/strong> et <strong>propri\u00e9taire cultivateur<\/strong><\/span><\/h4>\n<p>&nbsp;<\/p>\n<p style=\"text-align: center;\">n\u00e9 \u00e0 La Virolle (Beaumont)<\/p>\n<p style=\"text-align: center;\">le 16 mai 1842<\/p>\n<p style=\"text-align: center;\">fils de<\/p>\n<p style=\"text-align: center;\">L\u00e9onard LELUC \/ Jeanne DEGUILLAUME<\/p>\n<p style=\"text-align: center;\"><span style=\"color: #ffffff;\">\u25d9<\/span><\/p>\n<p><em>L\u00e9onard \u00e9pouse Anne <\/em><strong>B\u00c9NASSY<\/strong><em> le 15 f\u00e9vrier <\/em><strong>1870<\/strong> <em>\u00e0 Roy\u00e8re\u00a0 (contrat Toumieux).<\/em><\/p>\n<p><em> Ils vivent \u00e0 Vauveix.<\/em><\/p>\n<p><em>Ils y d\u00e9c\u00e8dent\u00a0:<\/em><\/p>\n<ul>\n<li><em> L\u00e9onard, le 24 f\u00e9vrier <\/em><strong>1917,<\/strong><em> \u00e2g\u00e9 de 74 ans, <a href=\"https:\/\/www.lesmaconsdelacreuse.fr\/annuaires\/\/wp-content\/uploads\/LEXIQUE\/AB_INTESTAT.pdf\" target=\"_blank\" rel=\"noopener noreferrer\">\u25ba<\/a><a href=\"https:\/\/www.lesmaconsdelacreuse.fr\/annuaires\/\/wp-content\/uploads\/LEXIQUE\/AB_INTESTAT.pdf\" target=\"_blank\" rel=\"noopener noreferrer\">ab intestat<\/a><\/em><\/li>\n<li><em> Anne, le 18 f\u00e9vrier <\/em><strong>1921<\/strong><em>, \u00e2g\u00e9e de 78 ans<\/em><\/li>\n<\/ul>\n<p>&nbsp;<\/p>\n","protected":false},"excerpt":{"rendered":"<p>Mis \u00e0 jour le : 28\/04\/2026L\u00e9onard LELUC 1842 \u2013 1917 ma\u00e7on et propri\u00e9taire cultivateur &nbsp; n\u00e9 \u00e0 La Virolle (Beaumont) le 16 mai 1842 fils de L\u00e9onard LELUC \/ Jeanne DEGUILLAUME \u25d9 L\u00e9onard \u00e9pouse Anne B\u00c9NASSY le 15 f\u00e9vrier 1870 \u00e0 Roy\u00e8re\u00a0 (contrat Toumieux). Ils vivent \u00e0 Vauveix. Ils y d\u00e9c\u00e8dent\u00a0: L\u00e9onard, le 24 f\u00e9vrier ..<\/p>\n<div class=\"clear-fix\"><\/div>\n<p><a href=\"https:\/\/www.lesmaconsdelacreuse.fr\/annuaires\/lettre-l\/l_1116\/\" title=\"Lire la suite...\">Lire la suite<\/a><\/p>\n","protected":false},"author":6,"featured_media":0,"comment_status":"closed","ping_status":"closed","sticky":false,"template":"","format":"standard","meta":{"_acf_changed":false,"_exactmetrics_skip_tracking":false,"_exactmetrics_sitenote_active":false,"_exactmetrics_sitenote_note":"","_exactmetrics_sitenote_category":0,"footnotes":""},"categories":[19],"tags":[],"class_list":["post-6901","post","type-post","status-publish","format-standard","hentry","category-lettre-l"],"acf":[],"_links":{"self":[{"href":"https:\/\/www.lesmaconsdelacreuse.fr\/annuaires\/wp-json\/wp\/v2\/posts\/6901","targetHints":{"allow":["GET"]}}],"collection":[{"href":"https:\/\/www.lesmaconsdelacreuse.fr\/annuaires\/wp-json\/wp\/v2\/posts"}],"about":[{"href":"https:\/\/www.lesmaconsdelacreuse.fr\/annuaires\/wp-json\/wp\/v2\/types\/post"}],"author":[{"embeddable":true,"href":"https:\/\/www.lesmaconsdelacreuse.fr\/annuaires\/wp-json\/wp\/v2\/users\/6"}],"replies":[{"embeddable":true,"href":"https:\/\/www.lesmaconsdelacreuse.fr\/annuaires\/wp-json\/wp\/v2\/comments?post=6901"}],"version-history":[{"count":0,"href":"https:\/\/www.lesmaconsdelacreuse.fr\/annuaires\/wp-json\/wp\/v2\/posts\/6901\/revisions"}],"wp:attachment":[{"href":"https:\/\/www.lesmaconsdelacreuse.fr\/annuaires\/wp-json\/wp\/v2\/media?parent=6901"}],"wp:term":[{"taxonomy":"category","embeddable":true,"href":"https:\/\/www.lesmaconsdelacreuse.fr\/annuaires\/wp-json\/wp\/v2\/categories?post=6901"},{"taxonomy":"post_tag","embeddable":true,"href":"https:\/\/www.lesmaconsdelacreuse.fr\/annuaires\/wp-json\/wp\/v2\/tags?post=6901"}],"curies":[{"name":"wp","href":"https:\/\/api.w.org\/{rel}","templated":true}]}}