{"id":6915,"date":"2019-07-28T13:39:56","date_gmt":"2019-07-28T11:39:56","guid":{"rendered":"http:\/\/lesmaconsdelacreuse.fr\/annuaire\/?p=6915"},"modified":"2020-09-08T08:13:30","modified_gmt":"2020-09-08T06:13:30","slug":"l_1121","status":"publish","type":"post","link":"https:\/\/www.lesmaconsdelacreuse.fr\/annuaires\/lettre-l\/l_1121\/","title":{"rendered":"LELY Jean (1806-1869)"},"content":{"rendered":"<p class=\"last-updated\"><strong>Mis \u00e0 jour le :<\/strong> 28\/04\/2026<\/p><h2 style=\"text-align: center;\"><strong>Jean L\u00c9LY<\/strong><\/h2>\n<p style=\"text-align: center;\"><strong>1806 \u2013 1869<\/strong><\/p>\n<p style=\"text-align: center;\"><a href=\"https:\/\/www.lesmaconsdelacreuse.fr\/annuaires\/wp-content\/uploads\/2020\/07\/ne-sait-pas-signer.jpg\"><img loading=\"lazy\" decoding=\"async\" class=\"alignnone size-full wp-image-174596\" src=\"https:\/\/www.lesmaconsdelacreuse.fr\/annuaires\/wp-content\/uploads\/2020\/07\/ne-sait-pas-signer.jpg\" alt=\"\" width=\"156\" height=\"31\" srcset=\"https:\/\/www.lesmaconsdelacreuse.fr\/annuaires\/wp-content\/uploads\/2020\/07\/ne-sait-pas-signer.jpg 156w, https:\/\/www.lesmaconsdelacreuse.fr\/annuaires\/wp-content\/uploads\/2020\/07\/ne-sait-pas-signer-150x30.jpg 150w\" sizes=\"auto, (max-width: 156px) 100vw, 156px\" \/><\/a><\/p>\n<p>&nbsp;<\/p>\n<p style=\"text-align: center;\">\n<h4 style=\"text-align: center;\"><span style=\"color: #008000;\"><strong>ma\u00e7on <\/strong>et<strong> cultivateur<\/strong><\/span><\/h4>\n<p style=\"text-align: center;\">n\u00e9 au Petit-Auriat (Saint-Junien-la-Breg\u00e8re)<\/p>\n<p style=\"text-align: center;\">le 26 d\u00e9cembre 1806<\/p>\n<p style=\"text-align: center;\">fils de<\/p>\n<p style=\"text-align: center;\">L\u00e9onard L\u00c9LY \/ Anne CHAMPEYMOND<\/p>\n<p style=\"text-align: center;\">cultivateurs<\/p>\n<p style=\"text-align: center;\"><span style=\"color: #ffffff;\">\u25d9<\/span><\/p>\n<p><em>Jean \u00e9pouse Jeanne <\/em><strong>FAZILLE<\/strong><em> le 18 f\u00e9vrier <\/em><strong>1828<\/strong><em> \u00e0 Saint-Junien\u00a0 (contrat Berger \u00e0 Bourganeuf). Ils habitent Labassat, commune de Saint-Junien.<\/em><\/p>\n<p><em>Jeanne y d\u00e9c\u00e8de le 31 janvier <\/em><strong>1831<\/strong><em>, \u00e2g\u00e9e de 21 ans. <\/em><\/p>\n<p><em>Jean se remarie le 5 mars <\/em><strong>1832<\/strong><em> \u00e0 Saint-Pardoux-Lavaud avec L\u00e9onarde <\/em><strong>BOURDEIX<\/strong><em> (contrat Jarrijon \u00e0 Saint-Martin-Ch\u00e2teau). Ils habitent La Chassagne, commune de Saint-Junien.<\/em><\/p>\n<p><em>Ils y d\u00e9c\u00e8dent\u00a0:<\/em><\/p>\n<ul>\n<li><em>L\u00e9onarde, le 21 f\u00e9vrier <\/em><strong>1862<\/strong><em>, \u00e2g\u00e9e de 55 ans<\/em><\/li>\n<li><em>Jean, le 31 octobre <\/em><strong>1869<\/strong><em>, \u00e2g\u00e9 de 62 ans<\/em><\/li>\n<\/ul>\n<p>&nbsp;<\/p>\n","protected":false},"excerpt":{"rendered":"<p>Mis \u00e0 jour le : 28\/04\/2026Jean L\u00c9LY 1806 \u2013 1869 &nbsp; ma\u00e7on et cultivateur n\u00e9 au Petit-Auriat (Saint-Junien-la-Breg\u00e8re) le 26 d\u00e9cembre 1806 fils de L\u00e9onard L\u00c9LY \/ Anne CHAMPEYMOND cultivateurs \u25d9 Jean \u00e9pouse Jeanne FAZILLE le 18 f\u00e9vrier 1828 \u00e0 Saint-Junien\u00a0 (contrat Berger \u00e0 Bourganeuf). Ils habitent Labassat, commune de Saint-Junien. Jeanne y d\u00e9c\u00e8de le ..<\/p>\n<div class=\"clear-fix\"><\/div>\n<p><a href=\"https:\/\/www.lesmaconsdelacreuse.fr\/annuaires\/lettre-l\/l_1121\/\" title=\"Lire la suite...\">Lire la suite<\/a><\/p>\n","protected":false},"author":6,"featured_media":0,"comment_status":"closed","ping_status":"closed","sticky":false,"template":"","format":"standard","meta":{"_acf_changed":false,"_exactmetrics_skip_tracking":false,"_exactmetrics_sitenote_active":false,"_exactmetrics_sitenote_note":"","_exactmetrics_sitenote_category":0,"footnotes":""},"categories":[19],"tags":[],"class_list":["post-6915","post","type-post","status-publish","format-standard","hentry","category-lettre-l"],"acf":[],"_links":{"self":[{"href":"https:\/\/www.lesmaconsdelacreuse.fr\/annuaires\/wp-json\/wp\/v2\/posts\/6915","targetHints":{"allow":["GET"]}}],"collection":[{"href":"https:\/\/www.lesmaconsdelacreuse.fr\/annuaires\/wp-json\/wp\/v2\/posts"}],"about":[{"href":"https:\/\/www.lesmaconsdelacreuse.fr\/annuaires\/wp-json\/wp\/v2\/types\/post"}],"author":[{"embeddable":true,"href":"https:\/\/www.lesmaconsdelacreuse.fr\/annuaires\/wp-json\/wp\/v2\/users\/6"}],"replies":[{"embeddable":true,"href":"https:\/\/www.lesmaconsdelacreuse.fr\/annuaires\/wp-json\/wp\/v2\/comments?post=6915"}],"version-history":[{"count":0,"href":"https:\/\/www.lesmaconsdelacreuse.fr\/annuaires\/wp-json\/wp\/v2\/posts\/6915\/revisions"}],"wp:attachment":[{"href":"https:\/\/www.lesmaconsdelacreuse.fr\/annuaires\/wp-json\/wp\/v2\/media?parent=6915"}],"wp:term":[{"taxonomy":"category","embeddable":true,"href":"https:\/\/www.lesmaconsdelacreuse.fr\/annuaires\/wp-json\/wp\/v2\/categories?post=6915"},{"taxonomy":"post_tag","embeddable":true,"href":"https:\/\/www.lesmaconsdelacreuse.fr\/annuaires\/wp-json\/wp\/v2\/tags?post=6915"}],"curies":[{"name":"wp","href":"https:\/\/api.w.org\/{rel}","templated":true}]}}