{"id":6917,"date":"2019-07-28T13:39:55","date_gmt":"2019-07-28T11:39:55","guid":{"rendered":"http:\/\/lesmaconsdelacreuse.fr\/annuaire\/?p=6917"},"modified":"2022-04-12T18:38:49","modified_gmt":"2022-04-12T16:38:49","slug":"l_1124","status":"publish","type":"post","link":"https:\/\/www.lesmaconsdelacreuse.fr\/annuaires\/lettre-l\/l_1124\/","title":{"rendered":"LELY L\u00e9onard (1815-1901)"},"content":{"rendered":"<p class=\"last-updated\"><strong>Mis \u00e0 jour le :<\/strong> 28\/04\/2026<\/p><h2 style=\"text-align: center;\"><strong>L\u00e9onard L\u00c9LY<\/strong><\/h2>\n<p style=\"text-align: center;\"><strong>1815 \u2013 1901<\/strong><\/p>\n<p style=\"text-align: center;\"><img decoding=\"async\" title=\"\" src=\"https:\/\/lesmaconsdelacreuse.fr\/annuaire\/wp-content\/uploads\/2019\/07\/image1-1758.jpg\" alt=\"\" data-source-id=\"i.0\" data-asset-id=\"6913\" \/><\/p>\n<h4 style=\"text-align: center;\"><span style=\"color: #008000;\"><strong>ma\u00e7on <\/strong>et<strong> cultivateur<\/strong><\/span><\/h4>\n<p style=\"text-align: center;\">n\u00e9 au bourg de Saint-Junien-la-Breg\u00e8re<\/p>\n<p style=\"text-align: center;\">le 15 avril 1815<\/p>\n<p style=\"text-align: center;\">fils de<\/p>\n<p style=\"text-align: center;\">L\u00e9onard L\u00c9LY \/ Fran\u00e7oise LAUZIQUET<\/p>\n<p style=\"text-align: center;\">cultivateurs<\/p>\n<p style=\"text-align: center;\"><span style=\"color: #ffffff;\">\u25d9<\/span><\/p>\n<p><strong>En 1836<\/strong><em>, L\u00e9onard est exempt\u00e9 de service militaire, ayant un fr\u00e8re sous les drapeaux.<\/em><\/p>\n<p><em>Il \u00e9pouse L\u00e9onarde <\/em><strong>REDONDEAU<\/strong><em> le 14 f\u00e9vrier <\/em><strong>1843<\/strong><em> \u00e0 Saint-Junien (contrat Berger \u00e0 Bourganeuf)\u00a0; il ne sait pas encore signer.<\/em><\/p>\n<p><em> Ils habitent Truffy, commune de Saint-Junien. <\/em><\/p>\n<p><em>L\u00e9onarde d\u00e9c\u00e8de \u00e0 Arfeuille, m\u00eame commune, le 18 d\u00e9cembre <\/em><strong>1871<\/strong><em>, \u00e2g\u00e9e de 46 ans.<\/em><\/p>\n<p><strong>En 1901<\/strong><em>, L\u00e9onard habite <\/em><span style=\"color: #0000ff;\"><strong>Paris (75)<\/strong><\/span><em>, 113, rue du Chevaleret, 13<sup>e<\/sup> arrondissement.<\/em><\/p>\n<p><em>\u00a0<\/em><em>Il y d\u00e9c\u00e8de le 24 janvier de la m\u00eame ann\u00e9e, \u00e2g\u00e9 de 85 ans.<\/em><\/p>\n","protected":false},"excerpt":{"rendered":"<p>Mis \u00e0 jour le : 28\/04\/2026L\u00e9onard L\u00c9LY 1815 \u2013 1901 ma\u00e7on et cultivateur n\u00e9 au bourg de Saint-Junien-la-Breg\u00e8re le 15 avril 1815 fils de L\u00e9onard L\u00c9LY \/ Fran\u00e7oise LAUZIQUET cultivateurs \u25d9 En 1836, L\u00e9onard est exempt\u00e9 de service militaire, ayant un fr\u00e8re sous les drapeaux. Il \u00e9pouse L\u00e9onarde REDONDEAU le 14 f\u00e9vrier 1843 \u00e0 Saint-Junien ..<\/p>\n<div class=\"clear-fix\"><\/div>\n<p><a href=\"https:\/\/www.lesmaconsdelacreuse.fr\/annuaires\/lettre-l\/l_1124\/\" title=\"Lire la suite...\">Lire la suite<\/a><\/p>\n","protected":false},"author":6,"featured_media":0,"comment_status":"closed","ping_status":"closed","sticky":false,"template":"","format":"standard","meta":{"_acf_changed":false,"_exactmetrics_skip_tracking":false,"_exactmetrics_sitenote_active":false,"_exactmetrics_sitenote_note":"","_exactmetrics_sitenote_category":0,"footnotes":""},"categories":[19],"tags":[],"class_list":["post-6917","post","type-post","status-publish","format-standard","hentry","category-lettre-l"],"acf":[],"_links":{"self":[{"href":"https:\/\/www.lesmaconsdelacreuse.fr\/annuaires\/wp-json\/wp\/v2\/posts\/6917","targetHints":{"allow":["GET"]}}],"collection":[{"href":"https:\/\/www.lesmaconsdelacreuse.fr\/annuaires\/wp-json\/wp\/v2\/posts"}],"about":[{"href":"https:\/\/www.lesmaconsdelacreuse.fr\/annuaires\/wp-json\/wp\/v2\/types\/post"}],"author":[{"embeddable":true,"href":"https:\/\/www.lesmaconsdelacreuse.fr\/annuaires\/wp-json\/wp\/v2\/users\/6"}],"replies":[{"embeddable":true,"href":"https:\/\/www.lesmaconsdelacreuse.fr\/annuaires\/wp-json\/wp\/v2\/comments?post=6917"}],"version-history":[{"count":2,"href":"https:\/\/www.lesmaconsdelacreuse.fr\/annuaires\/wp-json\/wp\/v2\/posts\/6917\/revisions"}],"predecessor-version":[{"id":197498,"href":"https:\/\/www.lesmaconsdelacreuse.fr\/annuaires\/wp-json\/wp\/v2\/posts\/6917\/revisions\/197498"}],"wp:attachment":[{"href":"https:\/\/www.lesmaconsdelacreuse.fr\/annuaires\/wp-json\/wp\/v2\/media?parent=6917"}],"wp:term":[{"taxonomy":"category","embeddable":true,"href":"https:\/\/www.lesmaconsdelacreuse.fr\/annuaires\/wp-json\/wp\/v2\/categories?post=6917"},{"taxonomy":"post_tag","embeddable":true,"href":"https:\/\/www.lesmaconsdelacreuse.fr\/annuaires\/wp-json\/wp\/v2\/tags?post=6917"}],"curies":[{"name":"wp","href":"https:\/\/api.w.org\/{rel}","templated":true}]}}