{"id":6922,"date":"2019-07-28T13:39:55","date_gmt":"2019-07-28T11:39:55","guid":{"rendered":"http:\/\/lesmaconsdelacreuse.fr\/annuaire\/?p=6922"},"modified":"2020-10-04T11:11:37","modified_gmt":"2020-10-04T09:11:37","slug":"l_872","status":"publish","type":"post","link":"https:\/\/www.lesmaconsdelacreuse.fr\/annuaires\/lettre-l\/l_872\/","title":{"rendered":"LECLERC Jean-Pierre Victor (1863-1900)"},"content":{"rendered":"<p class=\"last-updated\"><strong>Mis \u00e0 jour le :<\/strong> 28\/04\/2026<\/p><h2 style=\"text-align: center;\"><strong>Jean-Pierre Victor LECLERC<\/strong><\/h2>\n<p style=\"text-align: center;\"><strong>Jean LECLERC<\/strong><\/p>\n<p style=\"text-align: center;\"><strong>1863 \u2013 1900<\/strong><\/p>\n<p style=\"text-align: center;\"><img decoding=\"async\" title=\"\" src=\"https:\/\/lesmaconsdelacreuse.fr\/annuaire\/wp-content\/uploads\/2019\/07\/image1-1761.jpg\" alt=\"\" data-source-id=\"i.0\" data-asset-id=\"6921\" \/><\/p>\n<h4 style=\"text-align: center;\"><span style=\"color: #008000;\"><strong>ma\u00e7on<\/strong> et\u00a0<strong><em>\u25ba<a href=\"https:\/\/www.lesmaconsdelacreuse.fr\/annuaires\/wp-content\/uploads\/2020\/07\/FUMISTE.png\" target=\"_blank\" rel=\"noopener noreferrer\"><span style=\"color: #008000;\">fumiste<\/span><\/a><\/em><\/strong><\/span><\/h4>\n<p>&nbsp;<\/p>\n<p style=\"text-align: center;\">n\u00e9 au Picq (Roy\u00e8re)<\/p>\n<p style=\"text-align: center;\">le 17 octobre 1863<\/p>\n<p style=\"text-align: center;\">fils de<\/p>\n<p style=\"text-align: center;\">Jean LECLERC, <span style=\"color: #008000;\"><strong>chef d\u2019atelier<\/strong><\/span><\/p>\n<p style=\"text-align: center;\">Marie-Anne NICOUT, cultivatrice<\/p>\n<p style=\"text-align: center;\"><span style=\"color: #ffffff;\">\u25d9<\/span><\/p>\n<p><strong>En 1884<\/strong><em>, Jean est dispens\u00e9 de service militaire comme fils a\u00een\u00e9 de veuve.<\/em><\/p>\n<p><em>Il travaille \u00e0 <\/em><span style=\"color: #0000ff;\"><strong>Lyon (69)<\/strong><\/span><em> et loge\u00a0:<\/em><\/p>\n<p><strong>en 1885<\/strong><em>, 42, rue Grol\u00e9e\u00a0;<\/em><\/p>\n<p><strong>en 1886<\/strong><em>, 126, rue Boileau.<\/em><\/p>\n<p><em> Il \u00e9pouse Marie-Julie <\/em><strong>CHENAUD<\/strong><em> le 26 janvier <\/em><strong>1889<\/strong><em> \u00e0 Roy\u00e8re (contrat Toumieux). Le couple vit au Picq.<\/em><\/p>\n<p><em> Jean continue \u00e0 travailler \u00e0 Lyon et habite d&rsquo;abord <\/em><em>\u00a0rue du Four \u00e0 Chaux ;<\/em><\/p>\n<p><strong>en 1890<\/strong><em>, 126, rue Boileau\u00a0;<\/em><\/p>\n<p><strong>en 1893<\/strong><em>, chemin des Bons Enfants\u00a0;<\/em><\/p>\n<p><strong>de 1897 \u00e0 1900<\/strong><em>, 11, rue Moncey. <\/em><\/p>\n<p><em>Il d\u00e9c\u00e8de le 13 juillet <\/em><strong>1900<\/strong><em><strong>,<\/strong> chemin des Pins, 3e arrondissement, \u00e2g\u00e9 de 36 ans. <\/em><\/p>\n<p><em>Sa veuve d\u00e9c\u00e8de \u00e0 Augerolles, commune de Saint-Pardoux-Lavaud, le 15 janvier <\/em>1946<em>, \u00e2g\u00e9e de 77 ans<\/em><\/p>\n<p>&nbsp;<\/p>\n","protected":false},"excerpt":{"rendered":"<p>Mis \u00e0 jour le : 28\/04\/2026Jean-Pierre Victor LECLERC Jean LECLERC 1863 \u2013 1900 ma\u00e7on et\u00a0\u25bafumiste &nbsp; n\u00e9 au Picq (Roy\u00e8re) le 17 octobre 1863 fils de Jean LECLERC, chef d\u2019atelier Marie-Anne NICOUT, cultivatrice \u25d9 En 1884, Jean est dispens\u00e9 de service militaire comme fils a\u00een\u00e9 de veuve. Il travaille \u00e0 Lyon (69) et loge\u00a0: en ..<\/p>\n<div class=\"clear-fix\"><\/div>\n<p><a href=\"https:\/\/www.lesmaconsdelacreuse.fr\/annuaires\/lettre-l\/l_872\/\" title=\"Lire la suite...\">Lire la suite<\/a><\/p>\n","protected":false},"author":6,"featured_media":0,"comment_status":"closed","ping_status":"closed","sticky":false,"template":"","format":"standard","meta":{"_acf_changed":false,"_exactmetrics_skip_tracking":false,"_exactmetrics_sitenote_active":false,"_exactmetrics_sitenote_note":"","_exactmetrics_sitenote_category":0,"footnotes":""},"categories":[19],"tags":[],"class_list":["post-6922","post","type-post","status-publish","format-standard","hentry","category-lettre-l"],"acf":[],"_links":{"self":[{"href":"https:\/\/www.lesmaconsdelacreuse.fr\/annuaires\/wp-json\/wp\/v2\/posts\/6922","targetHints":{"allow":["GET"]}}],"collection":[{"href":"https:\/\/www.lesmaconsdelacreuse.fr\/annuaires\/wp-json\/wp\/v2\/posts"}],"about":[{"href":"https:\/\/www.lesmaconsdelacreuse.fr\/annuaires\/wp-json\/wp\/v2\/types\/post"}],"author":[{"embeddable":true,"href":"https:\/\/www.lesmaconsdelacreuse.fr\/annuaires\/wp-json\/wp\/v2\/users\/6"}],"replies":[{"embeddable":true,"href":"https:\/\/www.lesmaconsdelacreuse.fr\/annuaires\/wp-json\/wp\/v2\/comments?post=6922"}],"version-history":[{"count":0,"href":"https:\/\/www.lesmaconsdelacreuse.fr\/annuaires\/wp-json\/wp\/v2\/posts\/6922\/revisions"}],"wp:attachment":[{"href":"https:\/\/www.lesmaconsdelacreuse.fr\/annuaires\/wp-json\/wp\/v2\/media?parent=6922"}],"wp:term":[{"taxonomy":"category","embeddable":true,"href":"https:\/\/www.lesmaconsdelacreuse.fr\/annuaires\/wp-json\/wp\/v2\/categories?post=6922"},{"taxonomy":"post_tag","embeddable":true,"href":"https:\/\/www.lesmaconsdelacreuse.fr\/annuaires\/wp-json\/wp\/v2\/tags?post=6922"}],"curies":[{"name":"wp","href":"https:\/\/api.w.org\/{rel}","templated":true}]}}