{"id":6930,"date":"2019-07-28T13:39:55","date_gmt":"2019-07-28T11:39:55","guid":{"rendered":"http:\/\/lesmaconsdelacreuse.fr\/annuaire\/?p=6930"},"modified":"2020-10-14T10:19:04","modified_gmt":"2020-10-14T08:19:04","slug":"l_1113","status":"publish","type":"post","link":"https:\/\/www.lesmaconsdelacreuse.fr\/annuaires\/lettre-l\/l_1113\/","title":{"rendered":"LELARGE L\u00e9onard Louis Andr\u00e9 (1860-1903)"},"content":{"rendered":"<p class=\"last-updated\"><strong>Mis \u00e0 jour le :<\/strong> 28\/04\/2026<\/p><h2 style=\"text-align: center;\"><strong>L\u00e9onard Louis Andr\u00e9 LELARGE<\/strong><\/h2>\n<p style=\"text-align: center;\"><strong>Louis LELARGE<\/strong><\/p>\n<p style=\"text-align: center;\"><strong>1860 \u2013 1903<\/strong><\/p>\n<p style=\"text-align: center;\"><img loading=\"lazy\" decoding=\"async\" class=\"\" title=\"\" src=\"https:\/\/lesmaconsdelacreuse.fr\/annuaire\/wp-content\/uploads\/2019\/07\/image1-106.png\" alt=\"\" width=\"174\" height=\"79\" data-source-id=\"i.0\" data-asset-id=\"6928\" \/><\/p>\n<h4 style=\"text-align: center;\"><span style=\"color: #008000;\"><strong>\u25ba\u00a0<\/strong><a style=\"color: #008000;\" href=\"https:\/\/www.lesmaconsdelacreuse.fr\/annuaires\/wp-content\/uploads\/2020\/07\/MA\u00ceTRE-MA\u00c7ON.png\" target=\"_blank\" rel=\"noopener noreferrer\"><strong>ma\u00eetre ma\u00e7on<\/strong><\/a>; <strong>marchand de vin<\/strong><\/span><\/h4>\n<p>&nbsp;<\/p>\n<p style=\"text-align: center;\">n\u00e9 au moulin de Langladure (Roy\u00e8re)<\/p>\n<p style=\"text-align: center;\">le 4 septembre 1860<\/p>\n<p style=\"text-align: center;\">fils de<\/p>\n<p style=\"text-align: center;\">Denis LELARGE, <span style=\"color: #008000;\"><strong>ma\u00e7on <\/strong><\/span>\/ L\u00e9onarde JARRY<\/p>\n<p style=\"text-align: center;\">propri\u00e9taires cultivateurs<\/p>\n<p style=\"text-align: center;\"><span style=\"color: #ffffff;\">\u25d9<\/span><\/p>\n<p><strong>En 1881<\/strong><em>, Louis, <\/em><span style=\"color: #008000;\"><strong>ma\u00e7on<\/strong><\/span><em>, travaille dans le <\/em><span style=\"color: #0000ff;\"><strong>Rh\u00f4ne <\/strong><\/span><em>et y passe le conseil de r\u00e9vision.<\/em><\/p>\n<p><strong>En 1883<\/strong><em>, il habite <\/em><span style=\"color: #0000ff;\"><strong>Lyon (69)<\/strong><\/span><em> 14, rue Stella.<\/em><\/p>\n<p><em> Il \u00e9pouse Marie Th\u00e9r\u00e8se <\/em><strong>PAROT <\/strong><em>le 9 f\u00e9vrier <\/em><strong>1884<\/strong><em> \u00e0 Roy\u00e8re (contrat Magadoux \u00e0 Saint-Martin-Ch\u00e2teau). Le couple vit \u00e0 Beaubier. <\/em><\/p>\n<p><em>La m\u00eame ann\u00e9e, Louis est \u00e0 Lyon, 72, rue Saint-Cyr, puis 6, rue de Jussieu.<\/em><\/p>\n<p><em>Marie-Th\u00e9r\u00e8se d\u00e9c\u00e8de \u00e0 Beaubier le 7 septembre <\/em><strong>1885<\/strong><em>, \u00e2g\u00e9e de 22 ans. <\/em><\/p>\n<p><strong>En 1886<\/strong><em>, Louis est \u00e0 <\/em><span style=\"color: #0000ff;\"><strong>Riom (63)<\/strong><\/span><em>\u00a0;<\/em><\/p>\n<p><strong>en 1887<\/strong><em>, \u00e0 <\/em><span style=\"color: #0000ff;\"><strong>Clermont-Ferrand (63)<\/strong><\/span><em>\u00a0;<\/em><\/p>\n<p><strong>en 1888<\/strong><em>, \u00e0 Lyon, 28, rue des Remparts d\u2019 Ainay.<\/em><\/p>\n<p><span style=\"color: #008000;\"><strong>Ma\u00eetre-ma\u00e7on<\/strong><\/span><em>, il se remarie le 27 juin <\/em><strong>1889<\/strong><em> \u00e0 Lyon 6e avec Cl\u00e9mentine <\/em><strong>PATRICOT<\/strong><em>, marchande \u00e9pici\u00e8re, originaire de l\u2019Is\u00e8re (contrat Chaine).<\/em><\/p>\n<p><strong>De 1890 \u00e0 1892<\/strong> <em>au moins, ils logent 49, rue Moli\u00e8re, et Louis est <\/em><strong><span style=\"color: #008000;\">marchand<\/span> <span style=\"color: #008000;\">de vin<\/span>\u00a0<\/strong><em>;<\/em><\/p>\n<p><strong>en 1901<\/strong><em>, ils sont 5, rue Seguin. <\/em><\/p>\n<p><em>Louis d\u00e9c\u00e8de le 8 ao\u00fbt <\/em><strong>1903<\/strong> <em>\u00e0 Langladure, \u00e2g\u00e9 de 42 ans, domicili\u00e9 \u00e0 l\u2019adresse de 1901.<\/em><\/p>\n<p>&nbsp;<\/p>\n","protected":false},"excerpt":{"rendered":"<p>Mis \u00e0 jour le : 28\/04\/2026L\u00e9onard Louis Andr\u00e9 LELARGE Louis LELARGE 1860 \u2013 1903 \u25ba\u00a0ma\u00eetre ma\u00e7on; marchand de vin &nbsp; n\u00e9 au moulin de Langladure (Roy\u00e8re) le 4 septembre 1860 fils de Denis LELARGE, ma\u00e7on \/ L\u00e9onarde JARRY propri\u00e9taires cultivateurs \u25d9 En 1881, Louis, ma\u00e7on, travaille dans le Rh\u00f4ne et y passe le conseil de ..<\/p>\n<div class=\"clear-fix\"><\/div>\n<p><a href=\"https:\/\/www.lesmaconsdelacreuse.fr\/annuaires\/lettre-l\/l_1113\/\" title=\"Lire la suite...\">Lire la suite<\/a><\/p>\n","protected":false},"author":6,"featured_media":0,"comment_status":"closed","ping_status":"closed","sticky":false,"template":"","format":"standard","meta":{"_acf_changed":false,"_exactmetrics_skip_tracking":false,"_exactmetrics_sitenote_active":false,"_exactmetrics_sitenote_note":"","_exactmetrics_sitenote_category":0,"footnotes":""},"categories":[19],"tags":[],"class_list":["post-6930","post","type-post","status-publish","format-standard","hentry","category-lettre-l"],"acf":[],"_links":{"self":[{"href":"https:\/\/www.lesmaconsdelacreuse.fr\/annuaires\/wp-json\/wp\/v2\/posts\/6930","targetHints":{"allow":["GET"]}}],"collection":[{"href":"https:\/\/www.lesmaconsdelacreuse.fr\/annuaires\/wp-json\/wp\/v2\/posts"}],"about":[{"href":"https:\/\/www.lesmaconsdelacreuse.fr\/annuaires\/wp-json\/wp\/v2\/types\/post"}],"author":[{"embeddable":true,"href":"https:\/\/www.lesmaconsdelacreuse.fr\/annuaires\/wp-json\/wp\/v2\/users\/6"}],"replies":[{"embeddable":true,"href":"https:\/\/www.lesmaconsdelacreuse.fr\/annuaires\/wp-json\/wp\/v2\/comments?post=6930"}],"version-history":[{"count":0,"href":"https:\/\/www.lesmaconsdelacreuse.fr\/annuaires\/wp-json\/wp\/v2\/posts\/6930\/revisions"}],"wp:attachment":[{"href":"https:\/\/www.lesmaconsdelacreuse.fr\/annuaires\/wp-json\/wp\/v2\/media?parent=6930"}],"wp:term":[{"taxonomy":"category","embeddable":true,"href":"https:\/\/www.lesmaconsdelacreuse.fr\/annuaires\/wp-json\/wp\/v2\/categories?post=6930"},{"taxonomy":"post_tag","embeddable":true,"href":"https:\/\/www.lesmaconsdelacreuse.fr\/annuaires\/wp-json\/wp\/v2\/tags?post=6930"}],"curies":[{"name":"wp","href":"https:\/\/api.w.org\/{rel}","templated":true}]}}