{"id":6933,"date":"2019-07-28T13:39:54","date_gmt":"2019-07-28T11:39:54","guid":{"rendered":"http:\/\/lesmaconsdelacreuse.fr\/annuaire\/?p=6933"},"modified":"2020-08-23T11:33:28","modified_gmt":"2020-08-23T09:33:28","slug":"l_1119","status":"publish","type":"post","link":"https:\/\/www.lesmaconsdelacreuse.fr\/annuaires\/lettre-l\/l_1119\/","title":{"rendered":"LELY Eug\u00e8ne (1896-1985)"},"content":{"rendered":"<p class=\"last-updated\"><strong>Mis \u00e0 jour le :<\/strong> 29\/04\/2026<\/p><h2 style=\"text-align: center;\"><strong>Eug\u00e8ne L\u00c9LY<\/strong><\/h2>\n<p style=\"text-align: center;\"><strong>1896 \u2013 1985<\/strong><\/p>\n<h4 style=\"text-align: center;\"><span style=\"color: #008000;\"><strong>ma\u00e7on<\/strong><\/span><\/h4>\n<p style=\"text-align: center;\">n\u00e9 au Picq (Roy\u00e8re)<\/p>\n<p style=\"text-align: center;\">le 15 ao\u00fbt 1896<\/p>\n<p style=\"text-align: center;\">fils de<\/p>\n<p style=\"text-align: center;\">Joseph L\u00c9LY, <span style=\"color: #008000;\"><strong>ma\u00e7on<\/strong><\/span><\/p>\n<p style=\"text-align: center;\">Fran\u00e7oise L\u00e9ontine BOURDEIX, cultivatrice<\/p>\n<p style=\"text-align: center;\"><span style=\"color: #ffffff;\">\u25d9<\/span><\/p>\n<p><em>Eug\u00e8ne \u00e9pouse Suzanne <\/em><strong>L\u00c9LY<\/strong><em>. <\/em><\/p>\n<p>Il<em> travaille \u00e0 <\/em><span style=\"color: #0000ff;\"><strong>Lyon (69) <\/strong><\/span><em>et loge\u00a0:<\/em><\/p>\n<p><strong>en 1921<\/strong><em>, 5 bis, rue des Tuileries\u00a0;<\/em><\/p>\n<p><strong>en 1924<\/strong><em>, 10, rue Dumenge\u00a0;<\/em><\/p>\n<p><strong>en 1925<\/strong><em>, 8, rue Richard.<\/em><\/p>\n<p><strong>En 1929, 1937 et 1940<\/strong><em>, il est \u00e0 Peyrat-le-Ch\u00e2teau (87).<\/em><\/p>\n<p><em> Il d\u00e9c\u00e8de \u00e0 Bourganeuf le 15 avril <\/em><strong>1985<\/strong><em>, \u00e2g\u00e9 de 88 ans.<\/em><\/p>\n","protected":false},"excerpt":{"rendered":"<p>Mis \u00e0 jour le : 29\/04\/2026Eug\u00e8ne L\u00c9LY 1896 \u2013 1985 ma\u00e7on n\u00e9 au Picq (Roy\u00e8re) le 15 ao\u00fbt 1896 fils de Joseph L\u00c9LY, ma\u00e7on Fran\u00e7oise L\u00e9ontine BOURDEIX, cultivatrice \u25d9 Eug\u00e8ne \u00e9pouse Suzanne L\u00c9LY. Il travaille \u00e0 Lyon (69) et loge\u00a0: en 1921, 5 bis, rue des Tuileries\u00a0; en 1924, 10, rue Dumenge\u00a0; en 1925, 8, ..<\/p>\n<div class=\"clear-fix\"><\/div>\n<p><a href=\"https:\/\/www.lesmaconsdelacreuse.fr\/annuaires\/lettre-l\/l_1119\/\" title=\"Lire la suite...\">Lire la suite<\/a><\/p>\n","protected":false},"author":6,"featured_media":0,"comment_status":"closed","ping_status":"closed","sticky":false,"template":"","format":"standard","meta":{"_acf_changed":false,"_exactmetrics_skip_tracking":false,"_exactmetrics_sitenote_active":false,"_exactmetrics_sitenote_note":"","_exactmetrics_sitenote_category":0,"footnotes":""},"categories":[19],"tags":[],"class_list":["post-6933","post","type-post","status-publish","format-standard","hentry","category-lettre-l"],"acf":[],"_links":{"self":[{"href":"https:\/\/www.lesmaconsdelacreuse.fr\/annuaires\/wp-json\/wp\/v2\/posts\/6933","targetHints":{"allow":["GET"]}}],"collection":[{"href":"https:\/\/www.lesmaconsdelacreuse.fr\/annuaires\/wp-json\/wp\/v2\/posts"}],"about":[{"href":"https:\/\/www.lesmaconsdelacreuse.fr\/annuaires\/wp-json\/wp\/v2\/types\/post"}],"author":[{"embeddable":true,"href":"https:\/\/www.lesmaconsdelacreuse.fr\/annuaires\/wp-json\/wp\/v2\/users\/6"}],"replies":[{"embeddable":true,"href":"https:\/\/www.lesmaconsdelacreuse.fr\/annuaires\/wp-json\/wp\/v2\/comments?post=6933"}],"version-history":[{"count":0,"href":"https:\/\/www.lesmaconsdelacreuse.fr\/annuaires\/wp-json\/wp\/v2\/posts\/6933\/revisions"}],"wp:attachment":[{"href":"https:\/\/www.lesmaconsdelacreuse.fr\/annuaires\/wp-json\/wp\/v2\/media?parent=6933"}],"wp:term":[{"taxonomy":"category","embeddable":true,"href":"https:\/\/www.lesmaconsdelacreuse.fr\/annuaires\/wp-json\/wp\/v2\/categories?post=6933"},{"taxonomy":"post_tag","embeddable":true,"href":"https:\/\/www.lesmaconsdelacreuse.fr\/annuaires\/wp-json\/wp\/v2\/tags?post=6933"}],"curies":[{"name":"wp","href":"https:\/\/api.w.org\/{rel}","templated":true}]}}