{"id":6937,"date":"2019-07-28T13:39:53","date_gmt":"2019-07-28T11:39:53","guid":{"rendered":"http:\/\/lesmaconsdelacreuse.fr\/annuaire\/?p=6937"},"modified":"2020-01-20T11:27:58","modified_gmt":"2020-01-20T10:27:58","slug":"l_1094","status":"publish","type":"post","link":"https:\/\/www.lesmaconsdelacreuse.fr\/annuaires\/lettre-l\/l_1094\/","title":{"rendered":"LELARGE Jean (1770-1808)"},"content":{"rendered":"<p class=\"last-updated\"><strong>Mis \u00e0 jour le :<\/strong> 29\/04\/2026<\/p><h2 style=\"text-align: center;\"><strong>Jean LELARGE<\/strong><\/h2>\r\n<p style=\"text-align: center;\"><strong>1770 \u2013 1808<\/strong><\/p>\r\n<p style=\"text-align: center;\"><img decoding=\"async\" title=\"\" src=\"https:\/\/lesmaconsdelacreuse.fr\/annuaire\/wp-content\/uploads\/2019\/07\/image1-1765.jpg\" alt=\"\" data-source-id=\"i.0\" data-asset-id=\"6934\" \/><\/p>\r\n<h4 style=\"text-align: center;\"><span style=\"color: #008000;\"><strong>ma\u00e7on <\/strong>et<strong> laboureur<\/strong><\/span><\/h4>\r\n<p style=\"text-align: center;\">n\u00e9 \u00e0 Langladure (Roy\u00e8re)<\/p>\r\n<p style=\"text-align: center;\">le 21 f\u00e9vrier 1770<\/p>\r\n<p style=\"text-align: center;\">fils de<\/p>\r\n<p style=\"text-align: center;\">L\u00e9onard LELARGE, <span style=\"color: #008000;\"><strong>ma\u00e7on <\/strong><\/span><strong>\/ <\/strong>L\u00e9onarde FAURE<\/p>\r\n<p style=\"text-align: center;\">laboureurs<\/p>\r\n<p style=\"text-align: center;\"><span style=\"color: #ffffff;\">\u25d9<\/span><\/p>\r\n<p><em>Jean \u00e9pouse Antoinette <\/em><strong>PICHON<\/strong><em> le 4 pluvi\u00f4se an II (23 janvier <\/em><strong>1794<\/strong><em>) \u00e0 Roy\u00e8re (contrat Tramonteil \u00e0 Peyrat-le-Ch\u00e2teau \u2013 87).<\/em><\/p>\r\n<p><em> Ils habitent Langladure.<\/em><\/p>\r\n<p><em>Ils y d\u00e9c\u00e8dent\u00a0:<\/em><\/p>\r\n<p><em>\u00a0 \u2022\u00a0 Jean, le 11 novembre <\/em><strong>1808<\/strong><em>, \u00e2g\u00e9 de 38 ans, apr\u00e8s avoir test\u00e9 le 16 avril devant Me Coutisson de Roy\u00e8re<\/em><\/p>\r\n<p><em>\u00a0\u2022\u00a0 Antoinette, le 1er mars <\/em><strong>1852<\/strong><em>, \u00e2g\u00e9e de 81 ans environ<\/em><\/p>\r\n\r\n<p>&nbsp;<\/p>\r\n","protected":false},"excerpt":{"rendered":"<p>Mis \u00e0 jour le : 29\/04\/2026 Jean LELARGE 1770 \u2013 1808 ma\u00e7on et laboureur n\u00e9 \u00e0 Langladure (Roy\u00e8re) le 21 f\u00e9vrier 1770 fils de L\u00e9onard LELARGE, ma\u00e7on \/ L\u00e9onarde FAURE laboureurs \u25d9 Jean \u00e9pouse Antoinette PICHON le 4 pluvi\u00f4se an II (23 janvier 1794) \u00e0 Roy\u00e8re (contrat Tramonteil \u00e0 Peyrat-le-Ch\u00e2teau \u2013 87). Ils habitent Langladure. ..<\/p>\n<div class=\"clear-fix\"><\/div>\n<p><a href=\"https:\/\/www.lesmaconsdelacreuse.fr\/annuaires\/lettre-l\/l_1094\/\" title=\"Lire la suite...\">Lire la suite<\/a><\/p>\n","protected":false},"author":6,"featured_media":0,"comment_status":"closed","ping_status":"closed","sticky":false,"template":"","format":"standard","meta":{"_acf_changed":false,"_exactmetrics_skip_tracking":false,"_exactmetrics_sitenote_active":false,"_exactmetrics_sitenote_note":"","_exactmetrics_sitenote_category":0,"footnotes":""},"categories":[19],"tags":[],"class_list":["post-6937","post","type-post","status-publish","format-standard","hentry","category-lettre-l"],"acf":[],"_links":{"self":[{"href":"https:\/\/www.lesmaconsdelacreuse.fr\/annuaires\/wp-json\/wp\/v2\/posts\/6937","targetHints":{"allow":["GET"]}}],"collection":[{"href":"https:\/\/www.lesmaconsdelacreuse.fr\/annuaires\/wp-json\/wp\/v2\/posts"}],"about":[{"href":"https:\/\/www.lesmaconsdelacreuse.fr\/annuaires\/wp-json\/wp\/v2\/types\/post"}],"author":[{"embeddable":true,"href":"https:\/\/www.lesmaconsdelacreuse.fr\/annuaires\/wp-json\/wp\/v2\/users\/6"}],"replies":[{"embeddable":true,"href":"https:\/\/www.lesmaconsdelacreuse.fr\/annuaires\/wp-json\/wp\/v2\/comments?post=6937"}],"version-history":[{"count":0,"href":"https:\/\/www.lesmaconsdelacreuse.fr\/annuaires\/wp-json\/wp\/v2\/posts\/6937\/revisions"}],"wp:attachment":[{"href":"https:\/\/www.lesmaconsdelacreuse.fr\/annuaires\/wp-json\/wp\/v2\/media?parent=6937"}],"wp:term":[{"taxonomy":"category","embeddable":true,"href":"https:\/\/www.lesmaconsdelacreuse.fr\/annuaires\/wp-json\/wp\/v2\/categories?post=6937"},{"taxonomy":"post_tag","embeddable":true,"href":"https:\/\/www.lesmaconsdelacreuse.fr\/annuaires\/wp-json\/wp\/v2\/tags?post=6937"}],"curies":[{"name":"wp","href":"https:\/\/api.w.org\/{rel}","templated":true}]}}