{"id":6940,"date":"2019-07-28T13:39:54","date_gmt":"2019-07-28T11:39:54","guid":{"rendered":"http:\/\/lesmaconsdelacreuse.fr\/annuaire\/?p=6940"},"modified":"2020-02-11T12:22:29","modified_gmt":"2020-02-11T11:22:29","slug":"l_1073","status":"publish","type":"post","link":"https:\/\/www.lesmaconsdelacreuse.fr\/annuaires\/lettre-l\/l_1073\/","title":{"rendered":"LELARGE Adolphe (vers 1862-1882)"},"content":{"rendered":"<p class=\"last-updated\"><strong>Mis \u00e0 jour le :<\/strong> 29\/04\/2026<\/p><h2 style=\"text-align: center;\"><strong>Adolphe LELARGE<\/strong><\/h2>\n<p style=\"text-align: center;\"><strong>vers 1862 &#8211; 1882<\/strong><\/p>\n<h4 style=\"text-align: center;\"><span style=\"color: #008000;\"><strong>ma\u00e7on<\/strong><\/span><\/h4>\n<p style=\"text-align: center;\">n\u00e9 \u00e0 Langladure (Roy\u00e8re)\u00a0?<\/p>\n<p style=\"text-align: center;\">vers 1862<\/p>\n<p style=\"text-align: center;\">fils de<\/p>\n<p style=\"text-align: center;\">Denis LELARGE, <span style=\"color: #008000;\"><strong>ma\u00e7on <\/strong><\/span>\/ Marie JARRY<\/p>\n<p style=\"text-align: center;\">propri\u00e9taires cultivateurs<\/p>\n<p style=\"text-align: center;\"><span style=\"color: #ffffff;\">\u25d9<\/span><\/p>\n<p><strong>En 1882<\/strong><em>, Adolphe est ma\u00e7on \u00e0 <\/em><span style=\"color: #0000ff;\"><strong>Lyon-Vaise (69)<\/strong><\/span><em>, et loge rue du Four \u00e0 Chaux, chez Nicout.<\/em><\/p>\n<p><em>Le 24 juin de la m\u00eame ann\u00e9e, il d\u00e9c\u00e8de <\/em><strong>c\u00e9libataire<\/strong><em> \u00e0 \u25ba<a target=\"_blank\"href=\"https:\/\/www.lesmaconsdelacreuse.fr\/annuaires\/\/wp-content\/uploads\/PHOTOS_-_CARTES_POSTALES\/LYON_-_Hopital_de_lHotel-Dieu.jpg\">l\u2019H\u00f4tel-Dieu<\/a> de Lyon le 24 juin de la m\u00eame ann\u00e9e<\/em>,<em> \u00e2g\u00e9 de 20 ans environ, asphyxi\u00e9 par gaz des fosses d\u2019aisances.<\/em><\/p>\n","protected":false},"excerpt":{"rendered":"<p>Mis \u00e0 jour le : 29\/04\/2026Adolphe LELARGE vers 1862 &#8211; 1882 ma\u00e7on n\u00e9 \u00e0 Langladure (Roy\u00e8re)\u00a0? vers 1862 fils de Denis LELARGE, ma\u00e7on \/ Marie JARRY propri\u00e9taires cultivateurs \u25d9 En 1882, Adolphe est ma\u00e7on \u00e0 Lyon-Vaise (69), et loge rue du Four \u00e0 Chaux, chez Nicout. Le 24 juin de la m\u00eame ann\u00e9e, il d\u00e9c\u00e8de ..<\/p>\n<div class=\"clear-fix\"><\/div>\n<p><a href=\"https:\/\/www.lesmaconsdelacreuse.fr\/annuaires\/lettre-l\/l_1073\/\" title=\"Lire la suite...\">Lire la suite<\/a><\/p>\n","protected":false},"author":6,"featured_media":0,"comment_status":"closed","ping_status":"closed","sticky":false,"template":"","format":"standard","meta":{"_acf_changed":false,"_exactmetrics_skip_tracking":false,"_exactmetrics_sitenote_active":false,"_exactmetrics_sitenote_note":"","_exactmetrics_sitenote_category":0,"footnotes":""},"categories":[19],"tags":[],"class_list":["post-6940","post","type-post","status-publish","format-standard","hentry","category-lettre-l"],"acf":[],"_links":{"self":[{"href":"https:\/\/www.lesmaconsdelacreuse.fr\/annuaires\/wp-json\/wp\/v2\/posts\/6940","targetHints":{"allow":["GET"]}}],"collection":[{"href":"https:\/\/www.lesmaconsdelacreuse.fr\/annuaires\/wp-json\/wp\/v2\/posts"}],"about":[{"href":"https:\/\/www.lesmaconsdelacreuse.fr\/annuaires\/wp-json\/wp\/v2\/types\/post"}],"author":[{"embeddable":true,"href":"https:\/\/www.lesmaconsdelacreuse.fr\/annuaires\/wp-json\/wp\/v2\/users\/6"}],"replies":[{"embeddable":true,"href":"https:\/\/www.lesmaconsdelacreuse.fr\/annuaires\/wp-json\/wp\/v2\/comments?post=6940"}],"version-history":[{"count":0,"href":"https:\/\/www.lesmaconsdelacreuse.fr\/annuaires\/wp-json\/wp\/v2\/posts\/6940\/revisions"}],"wp:attachment":[{"href":"https:\/\/www.lesmaconsdelacreuse.fr\/annuaires\/wp-json\/wp\/v2\/media?parent=6940"}],"wp:term":[{"taxonomy":"category","embeddable":true,"href":"https:\/\/www.lesmaconsdelacreuse.fr\/annuaires\/wp-json\/wp\/v2\/categories?post=6940"},{"taxonomy":"post_tag","embeddable":true,"href":"https:\/\/www.lesmaconsdelacreuse.fr\/annuaires\/wp-json\/wp\/v2\/tags?post=6940"}],"curies":[{"name":"wp","href":"https:\/\/api.w.org\/{rel}","templated":true}]}}