{"id":6943,"date":"2019-07-28T13:39:54","date_gmt":"2019-07-28T11:39:54","guid":{"rendered":"http:\/\/lesmaconsdelacreuse.fr\/annuaire\/?p=6943"},"modified":"2020-01-20T11:27:56","modified_gmt":"2020-01-20T10:27:56","slug":"l_1062","status":"publish","type":"post","link":"https:\/\/www.lesmaconsdelacreuse.fr\/annuaires\/lettre-l\/l_1062\/","title":{"rendered":"LEJEUNE Jean (1722-apr\u00e8s 1786)"},"content":{"rendered":"<p class=\"last-updated\"><strong>Mis \u00e0 jour le :<\/strong> 29\/04\/2026<\/p><h2 style=\"text-align: center;\"><strong>Jean LEJEUNE<\/strong><\/h2>\n<p style=\"text-align: center;\"><strong>1722 \u2013 apr\u00e8s 1786<\/strong><\/p>\n<p style=\"text-align: center;\"><img decoding=\"async\" title=\"\" src=\"https:\/\/lesmaconsdelacreuse.fr\/annuaire\/wp-content\/uploads\/2019\/07\/image1-1767.jpg\" alt=\"\" data-source-id=\"i.0\" data-asset-id=\"6939\" \/><\/p>\n<h4 style=\"text-align: center;\"><span style=\"color: #008000;\"><strong>ma\u00e7on <\/strong>et <strong>laboureur<\/strong><\/span><\/h4>\n<p style=\"text-align: center;\">n\u00e9 \u00e0 Gioux (Saint-Pierre-le-Bost)<\/p>\n<p style=\"text-align: center;\">le 23 janvier 1722<\/p>\n<p style=\"text-align: center;\">fils de<\/p>\n<p style=\"text-align: center;\">Mathurin LEJEUNE, <span style=\"color: #008000;\"><strong>ma\u00e7on <\/strong><\/span><strong>\/ <\/strong>L\u00e9onarde LAGARDE<\/p>\n<p style=\"text-align: center;\">laboureurs<\/p>\n<p style=\"text-align: center;\"><span style=\"color: #ffffff;\">\u25d9<\/span><\/p>\n<p><em>Jean \u00e9pouse Fran\u00e7oise <\/em><strong>JOUANAUD<\/strong><em> le 28 f\u00e9vrier <\/em><strong>1745<\/strong><em> \u00e0 Saint-Pierre-le-Bost (contrat Delavergne au Monteil-au-Vicomte).<\/em><\/p>\n<p><em> Ils habitent Gioux o\u00f9 d\u00e9c\u00e8de Fran\u00e7oise le 10 mars <\/em><strong>1756<\/strong><em>, \u00e2g\u00e9e de 26 ans. <\/em><\/p>\n<p><em> Jean se remarie le 11 f\u00e9vrier <\/em><strong>1763<\/strong><em> \u00e0 Saint-Pierre avec Rose <\/em><strong>BOURDEAU<\/strong><em>, veuve de Claude RIEUBLANDON, ma\u00e7on.<\/em><\/p>\n<p><em> Ils habitent aussi Gioux o\u00f9 Rose d\u00e9c\u00e8de le 10 avril <\/em><strong>1784<\/strong><em>, \u00e2g\u00e9e de 58 ans.<\/em><\/p>\n","protected":false},"excerpt":{"rendered":"<p>Mis \u00e0 jour le : 29\/04\/2026Jean LEJEUNE 1722 \u2013 apr\u00e8s 1786 ma\u00e7on et laboureur n\u00e9 \u00e0 Gioux (Saint-Pierre-le-Bost) le 23 janvier 1722 fils de Mathurin LEJEUNE, ma\u00e7on \/ L\u00e9onarde LAGARDE laboureurs \u25d9 Jean \u00e9pouse Fran\u00e7oise JOUANAUD le 28 f\u00e9vrier 1745 \u00e0 Saint-Pierre-le-Bost (contrat Delavergne au Monteil-au-Vicomte). Ils habitent Gioux o\u00f9 d\u00e9c\u00e8de Fran\u00e7oise le 10 mars ..<\/p>\n<div class=\"clear-fix\"><\/div>\n<p><a href=\"https:\/\/www.lesmaconsdelacreuse.fr\/annuaires\/lettre-l\/l_1062\/\" title=\"Lire la suite...\">Lire la suite<\/a><\/p>\n","protected":false},"author":6,"featured_media":0,"comment_status":"closed","ping_status":"closed","sticky":false,"template":"","format":"standard","meta":{"_acf_changed":false,"_exactmetrics_skip_tracking":false,"_exactmetrics_sitenote_active":false,"_exactmetrics_sitenote_note":"","_exactmetrics_sitenote_category":0,"footnotes":""},"categories":[19],"tags":[],"class_list":["post-6943","post","type-post","status-publish","format-standard","hentry","category-lettre-l"],"acf":[],"_links":{"self":[{"href":"https:\/\/www.lesmaconsdelacreuse.fr\/annuaires\/wp-json\/wp\/v2\/posts\/6943","targetHints":{"allow":["GET"]}}],"collection":[{"href":"https:\/\/www.lesmaconsdelacreuse.fr\/annuaires\/wp-json\/wp\/v2\/posts"}],"about":[{"href":"https:\/\/www.lesmaconsdelacreuse.fr\/annuaires\/wp-json\/wp\/v2\/types\/post"}],"author":[{"embeddable":true,"href":"https:\/\/www.lesmaconsdelacreuse.fr\/annuaires\/wp-json\/wp\/v2\/users\/6"}],"replies":[{"embeddable":true,"href":"https:\/\/www.lesmaconsdelacreuse.fr\/annuaires\/wp-json\/wp\/v2\/comments?post=6943"}],"version-history":[{"count":0,"href":"https:\/\/www.lesmaconsdelacreuse.fr\/annuaires\/wp-json\/wp\/v2\/posts\/6943\/revisions"}],"wp:attachment":[{"href":"https:\/\/www.lesmaconsdelacreuse.fr\/annuaires\/wp-json\/wp\/v2\/media?parent=6943"}],"wp:term":[{"taxonomy":"category","embeddable":true,"href":"https:\/\/www.lesmaconsdelacreuse.fr\/annuaires\/wp-json\/wp\/v2\/categories?post=6943"},{"taxonomy":"post_tag","embeddable":true,"href":"https:\/\/www.lesmaconsdelacreuse.fr\/annuaires\/wp-json\/wp\/v2\/tags?post=6943"}],"curies":[{"name":"wp","href":"https:\/\/api.w.org\/{rel}","templated":true}]}}