{"id":6950,"date":"2019-07-28T13:39:53","date_gmt":"2019-07-28T11:39:53","guid":{"rendered":"http:\/\/lesmaconsdelacreuse.fr\/annuaire\/?p=6950"},"modified":"2020-08-23T11:33:36","modified_gmt":"2020-08-23T09:33:36","slug":"l_1117","status":"publish","type":"post","link":"https:\/\/www.lesmaconsdelacreuse.fr\/annuaires\/lettre-l\/l_1117\/","title":{"rendered":"LELY Albert Charles (1904-1975)"},"content":{"rendered":"<p class=\"last-updated\"><strong>Mis \u00e0 jour le :<\/strong> 29\/04\/2026<\/p><h2 style=\"text-align: center;\"><strong>Albert Charles L\u00c9LY<\/strong><\/h2>\n<p style=\"text-align: center;\"><strong>Albert L\u00c9LY<\/strong><\/p>\n<p style=\"text-align: center;\"><strong>1904 \u2013 1975<\/strong><\/p>\n<p style=\"text-align: center;\"><img loading=\"lazy\" decoding=\"async\" class=\"\" title=\"\" src=\"https:\/\/lesmaconsdelacreuse.fr\/annuaire\/wp-content\/uploads\/2019\/07\/image1-1768.jpg\" alt=\"\" width=\"133\" height=\"78\" data-source-id=\"i.0\" data-asset-id=\"6944\" \/><\/p>\n<h4 style=\"text-align: center;\"><span style=\"color: #008000;\"><strong>ma\u00e7on<\/strong> ; <strong>peintre en<\/strong> <strong>b\u00e2timents <\/strong>et<strong> pl\u00e2trier<\/strong><\/span><\/h4>\n<p style=\"text-align: center;\">n\u00e9 au Petit-Auriat (Saint-Junien-la-Breg\u00e8re)<\/p>\n<p style=\"text-align: center;\">le 14 octobre 1904<\/p>\n<p style=\"text-align: center;\">fils de<\/p>\n<p style=\"text-align: center;\">Joseph L\u00c9LY, <span style=\"color: #008000;\"><strong>ma\u00e7on<\/strong><\/span><\/p>\n<p style=\"text-align: center;\">Fran\u00e7oise L\u00e9ontine BOURDEIX, cultivatrice<\/p>\n<p style=\"text-align: center;\"><span style=\"color: #ffffff;\">\u25d9<\/span><\/p>\n<p><strong>En 1925<\/strong><em>, Albert travaille dans le <\/em><span style=\"color: #0000ff;\"><strong>Rh\u00f4ne<\/strong><\/span><em> et y passe le conseil de r\u00e9vision.<\/em><\/p>\n<p><em> Il \u00e9pouse Marie Cl\u00e9mence <\/em><strong>COUTISSON<\/strong><em>, couturi\u00e8re, le 15 d\u00e9cembre <\/em><strong>1928<\/strong><em> \u00e0 Roy\u00e8re (mari\u00e9s sans contrat).<\/em><\/p>\n<p><strong>En 1975<\/strong><em>, il est retrait\u00e9, et les \u00e9poux habitent <\/em><span style=\"color: #0000ff;\"><strong>Lyon (69)<\/strong><\/span><em>, 8, rue Richan, 4e arrondissement.<\/em><\/p>\n<p><em>Il d\u00e9c\u00e8de \u00e0 \u25ba<a target=\"_blank\"href=\"https:\/\/www.lesmaconsdelacreuse.fr\/annuaires\/\/wp-content\/uploads\/PHOTOS_-_CARTES_POSTALES\/LYON_-_Hopital_de_la_Croix_Rousse.jpg\">l<\/a><a target=\"_blank\"href=\"https:\/\/www.lesmaconsdelacreuse.fr\/annuaires\/\/wp-content\/uploads\/PHOTOS_-_CARTES_POSTALES\/LYON_-_Hopital_de_la_Croix_Rousse.jpg\">\u2019<\/a><a target=\"_blank\"href=\"https:\/\/www.lesmaconsdelacreuse.fr\/annuaires\/\/wp-content\/uploads\/PHOTOS_-_CARTES_POSTALES\/LYON_-_Hopital_de_la_Croix_Rousse.jpg\">H\u00f4pital de la Croix-Rousse<\/a>, m\u00eame arrondissement, le 6 f\u00e9vrier de la m\u00eame ann\u00e9e, \u00e2g\u00e9 de 70 ans.<\/em><\/p>\n<p>&nbsp;<\/p>\n<p>&nbsp;<\/p>\n<p style=\"text-align: center;\"><span style=\"color: #ffffff;\">\u25d9<\/span><\/p>\n","protected":false},"excerpt":{"rendered":"<p>Mis \u00e0 jour le : 29\/04\/2026Albert Charles L\u00c9LY Albert L\u00c9LY 1904 \u2013 1975 ma\u00e7on ; peintre en b\u00e2timents et pl\u00e2trier n\u00e9 au Petit-Auriat (Saint-Junien-la-Breg\u00e8re) le 14 octobre 1904 fils de Joseph L\u00c9LY, ma\u00e7on Fran\u00e7oise L\u00e9ontine BOURDEIX, cultivatrice \u25d9 En 1925, Albert travaille dans le Rh\u00f4ne et y passe le conseil de r\u00e9vision. Il \u00e9pouse Marie ..<\/p>\n<div class=\"clear-fix\"><\/div>\n<p><a href=\"https:\/\/www.lesmaconsdelacreuse.fr\/annuaires\/lettre-l\/l_1117\/\" title=\"Lire la suite...\">Lire la suite<\/a><\/p>\n","protected":false},"author":6,"featured_media":0,"comment_status":"closed","ping_status":"closed","sticky":false,"template":"","format":"standard","meta":{"_acf_changed":false,"_exactmetrics_skip_tracking":false,"_exactmetrics_sitenote_active":false,"_exactmetrics_sitenote_note":"","_exactmetrics_sitenote_category":0,"footnotes":""},"categories":[19],"tags":[],"class_list":["post-6950","post","type-post","status-publish","format-standard","hentry","category-lettre-l"],"acf":[],"_links":{"self":[{"href":"https:\/\/www.lesmaconsdelacreuse.fr\/annuaires\/wp-json\/wp\/v2\/posts\/6950","targetHints":{"allow":["GET"]}}],"collection":[{"href":"https:\/\/www.lesmaconsdelacreuse.fr\/annuaires\/wp-json\/wp\/v2\/posts"}],"about":[{"href":"https:\/\/www.lesmaconsdelacreuse.fr\/annuaires\/wp-json\/wp\/v2\/types\/post"}],"author":[{"embeddable":true,"href":"https:\/\/www.lesmaconsdelacreuse.fr\/annuaires\/wp-json\/wp\/v2\/users\/6"}],"replies":[{"embeddable":true,"href":"https:\/\/www.lesmaconsdelacreuse.fr\/annuaires\/wp-json\/wp\/v2\/comments?post=6950"}],"version-history":[{"count":0,"href":"https:\/\/www.lesmaconsdelacreuse.fr\/annuaires\/wp-json\/wp\/v2\/posts\/6950\/revisions"}],"wp:attachment":[{"href":"https:\/\/www.lesmaconsdelacreuse.fr\/annuaires\/wp-json\/wp\/v2\/media?parent=6950"}],"wp:term":[{"taxonomy":"category","embeddable":true,"href":"https:\/\/www.lesmaconsdelacreuse.fr\/annuaires\/wp-json\/wp\/v2\/categories?post=6950"},{"taxonomy":"post_tag","embeddable":true,"href":"https:\/\/www.lesmaconsdelacreuse.fr\/annuaires\/wp-json\/wp\/v2\/tags?post=6950"}],"curies":[{"name":"wp","href":"https:\/\/api.w.org\/{rel}","templated":true}]}}