{"id":6959,"date":"2019-07-28T13:39:52","date_gmt":"2019-07-28T11:39:52","guid":{"rendered":"http:\/\/lesmaconsdelacreuse.fr\/annuaire\/?p=6959"},"modified":"2020-08-23T11:33:49","modified_gmt":"2020-08-23T09:33:49","slug":"l_1120","status":"publish","type":"post","link":"https:\/\/www.lesmaconsdelacreuse.fr\/annuaires\/lettre-l\/l_1120\/","title":{"rendered":"LELY Jean (1798-1827)"},"content":{"rendered":"<p class=\"last-updated\"><strong>Mis \u00e0 jour le :<\/strong> 29\/04\/2026<\/p><h2 style=\"text-align: center;\"><strong>Jean L\u00c9LY<\/strong><\/h2>\n<p style=\"text-align: center;\"><strong>1798 &#8211; 1827<\/strong><\/p>\n<h4 style=\"text-align: center;\"><span style=\"color: #008000;\"><strong>ma\u00e7on<\/strong><\/span><\/h4>\n<p style=\"text-align: center;\">n\u00e9 \u00e0 La Maison-Rouge (Le Monteil-au-Vicomte)<\/p>\n<p style=\"text-align: center;\">le 17 frimaire an VII (7 d\u00e9cembre 1798)<\/p>\n<p style=\"text-align: center;\">fils de<\/p>\n<p style=\"text-align: center;\">\u00c9tienne L\u00c9LY, <span style=\"color: #008000;\"><strong>ma\u00e7on<\/strong><\/span><\/p>\n<p style=\"text-align: center;\">Fran\u00e7oise CHAMPESME, cultivatrice<\/p>\n<p style=\"text-align: center;\"><span style=\"color: #ffffff;\">\u25d9<\/span><\/p>\n<p><em>Jean \u00e9pouse Anne <\/em><strong>COURAUD <\/strong><em>le 22 f\u00e9vrier <\/em><strong>1819<\/strong><em> \u00e0 Saint-Yriex-la-Montagne (contrat Lepetit au Monteil-au-Vicomte).<\/em><\/p>\n<p><strong>En 1827<\/strong><em>, il travaille \u00e0 <\/em><span style=\"color: #0000ff;\"><strong>La Croix-Rousse (69)<\/strong><\/span><em>, et loge 3, mont\u00e9e de la Boucle. <\/em><\/p>\n<p><em> Il d\u00e9c\u00e8de le 4 f\u00e9vrier de la m\u00eame ann\u00e9e<\/em> <em>\u00e0 l\u2019H\u00f4pital des Malades de Lyon, \u00e2g\u00e9 de 28 ans.<\/em><\/p>\n","protected":false},"excerpt":{"rendered":"<p>Mis \u00e0 jour le : 29\/04\/2026Jean L\u00c9LY 1798 &#8211; 1827 ma\u00e7on n\u00e9 \u00e0 La Maison-Rouge (Le Monteil-au-Vicomte) le 17 frimaire an VII (7 d\u00e9cembre 1798) fils de \u00c9tienne L\u00c9LY, ma\u00e7on Fran\u00e7oise CHAMPESME, cultivatrice \u25d9 Jean \u00e9pouse Anne COURAUD le 22 f\u00e9vrier 1819 \u00e0 Saint-Yriex-la-Montagne (contrat Lepetit au Monteil-au-Vicomte). En 1827, il travaille \u00e0 La Croix-Rousse ..<\/p>\n<div class=\"clear-fix\"><\/div>\n<p><a href=\"https:\/\/www.lesmaconsdelacreuse.fr\/annuaires\/lettre-l\/l_1120\/\" title=\"Lire la suite...\">Lire la suite<\/a><\/p>\n","protected":false},"author":6,"featured_media":0,"comment_status":"closed","ping_status":"closed","sticky":false,"template":"","format":"standard","meta":{"_acf_changed":false,"_exactmetrics_skip_tracking":false,"_exactmetrics_sitenote_active":false,"_exactmetrics_sitenote_note":"","_exactmetrics_sitenote_category":0,"footnotes":""},"categories":[19],"tags":[],"class_list":["post-6959","post","type-post","status-publish","format-standard","hentry","category-lettre-l"],"acf":[],"_links":{"self":[{"href":"https:\/\/www.lesmaconsdelacreuse.fr\/annuaires\/wp-json\/wp\/v2\/posts\/6959","targetHints":{"allow":["GET"]}}],"collection":[{"href":"https:\/\/www.lesmaconsdelacreuse.fr\/annuaires\/wp-json\/wp\/v2\/posts"}],"about":[{"href":"https:\/\/www.lesmaconsdelacreuse.fr\/annuaires\/wp-json\/wp\/v2\/types\/post"}],"author":[{"embeddable":true,"href":"https:\/\/www.lesmaconsdelacreuse.fr\/annuaires\/wp-json\/wp\/v2\/users\/6"}],"replies":[{"embeddable":true,"href":"https:\/\/www.lesmaconsdelacreuse.fr\/annuaires\/wp-json\/wp\/v2\/comments?post=6959"}],"version-history":[{"count":0,"href":"https:\/\/www.lesmaconsdelacreuse.fr\/annuaires\/wp-json\/wp\/v2\/posts\/6959\/revisions"}],"wp:attachment":[{"href":"https:\/\/www.lesmaconsdelacreuse.fr\/annuaires\/wp-json\/wp\/v2\/media?parent=6959"}],"wp:term":[{"taxonomy":"category","embeddable":true,"href":"https:\/\/www.lesmaconsdelacreuse.fr\/annuaires\/wp-json\/wp\/v2\/categories?post=6959"},{"taxonomy":"post_tag","embeddable":true,"href":"https:\/\/www.lesmaconsdelacreuse.fr\/annuaires\/wp-json\/wp\/v2\/tags?post=6959"}],"curies":[{"name":"wp","href":"https:\/\/api.w.org\/{rel}","templated":true}]}}