{"id":6965,"date":"2019-07-28T13:39:51","date_gmt":"2019-07-28T11:39:51","guid":{"rendered":"http:\/\/lesmaconsdelacreuse.fr\/annuaire\/?p=6965"},"modified":"2020-01-20T11:27:59","modified_gmt":"2020-01-20T10:27:59","slug":"l_1068","status":"publish","type":"post","link":"https:\/\/www.lesmaconsdelacreuse.fr\/annuaires\/lettre-l\/l_1068\/","title":{"rendered":"LELAQUAIS Fran\u00e7ois (vers 1700-1760)"},"content":{"rendered":"<p class=\"last-updated\"><strong>Mis \u00e0 jour le :<\/strong> 29\/04\/2026<\/p><h2 style=\"text-align: center;\"><strong>Fran\u00e7ois LELAQUAIS<\/strong><\/h2>\n<p style=\"text-align: center;\"><strong>vers 1700 \u2013 1760<\/strong><\/p>\n<p style=\"text-align: center;\"><img decoding=\"async\" title=\"\" src=\"https:\/\/lesmaconsdelacreuse.fr\/annuaire\/wp-content\/uploads\/2019\/07\/image1-1774.jpg\" alt=\"\" data-source-id=\"i.0\" data-asset-id=\"6962\" \/><\/p>\n<h4 style=\"text-align: center;\"><span style=\"color: #008000;\"><strong>ma\u00e7on <\/strong>et<strong> cultivateur<\/strong><\/span><\/h4>\n<p style=\"text-align: center;\">n\u00e9 \u00e0 Saint-Yriex-la-Montagne\u00a0?<\/p>\n<p style=\"text-align: center;\"><span style=\"color: #ffffff;\">\u25d9<\/span><\/p>\n<p><strong>Avant 1724<\/strong><em>, Fran\u00e7ois \u00e9pouse L\u00e9onarde <\/em><strong>PINLAUD<\/strong> <em>. <\/em><\/p>\n<p><em>Ils habitent Le Cloud-Vallereix, paroisse de Saint-Yriex-la-Montagne o\u00f9 L\u00e9onarde d\u00e9c\u00e8de le 19 avril <\/em><strong>1740<\/strong><em>, \u00e2g\u00e9e de 40 ans environ. <\/em><\/p>\n<p><em>Fran\u00e7ois se remarie le 28 mai <\/em><strong>1742<\/strong><em> \u00e0 Saint-Yriex avec Catherine <\/em><strong>FROMENTY<\/strong><em>. Ils habitent Haute-Besse, paroisse de Ch\u00e2tain.<\/em><\/p>\n<p><em> Ils y d\u00e9c\u00e8dent\u00a0:<\/em><\/p>\n<ul>\n<li><em>Fran\u00e7ois, le 21 f\u00e9vrier <\/em><strong>1760<\/strong><em>, \u00e2g\u00e9 de 60 ans environ<\/em><\/li>\n<li><em>Catherine, le 16 juillet <\/em><strong>1774<\/strong>,<em> \u00e2g\u00e9e de 75 ans environ<\/em><\/li>\n<\/ul>\n","protected":false},"excerpt":{"rendered":"<p>Mis \u00e0 jour le : 29\/04\/2026Fran\u00e7ois LELAQUAIS vers 1700 \u2013 1760 ma\u00e7on et cultivateur n\u00e9 \u00e0 Saint-Yriex-la-Montagne\u00a0? \u25d9 Avant 1724, Fran\u00e7ois \u00e9pouse L\u00e9onarde PINLAUD . Ils habitent Le Cloud-Vallereix, paroisse de Saint-Yriex-la-Montagne o\u00f9 L\u00e9onarde d\u00e9c\u00e8de le 19 avril 1740, \u00e2g\u00e9e de 40 ans environ. Fran\u00e7ois se remarie le 28 mai 1742 \u00e0 Saint-Yriex avec Catherine ..<\/p>\n<div class=\"clear-fix\"><\/div>\n<p><a href=\"https:\/\/www.lesmaconsdelacreuse.fr\/annuaires\/lettre-l\/l_1068\/\" title=\"Lire la suite...\">Lire la suite<\/a><\/p>\n","protected":false},"author":6,"featured_media":0,"comment_status":"closed","ping_status":"closed","sticky":false,"template":"","format":"standard","meta":{"_acf_changed":false,"_exactmetrics_skip_tracking":false,"_exactmetrics_sitenote_active":false,"_exactmetrics_sitenote_note":"","_exactmetrics_sitenote_category":0,"footnotes":""},"categories":[19],"tags":[],"class_list":["post-6965","post","type-post","status-publish","format-standard","hentry","category-lettre-l"],"acf":[],"_links":{"self":[{"href":"https:\/\/www.lesmaconsdelacreuse.fr\/annuaires\/wp-json\/wp\/v2\/posts\/6965","targetHints":{"allow":["GET"]}}],"collection":[{"href":"https:\/\/www.lesmaconsdelacreuse.fr\/annuaires\/wp-json\/wp\/v2\/posts"}],"about":[{"href":"https:\/\/www.lesmaconsdelacreuse.fr\/annuaires\/wp-json\/wp\/v2\/types\/post"}],"author":[{"embeddable":true,"href":"https:\/\/www.lesmaconsdelacreuse.fr\/annuaires\/wp-json\/wp\/v2\/users\/6"}],"replies":[{"embeddable":true,"href":"https:\/\/www.lesmaconsdelacreuse.fr\/annuaires\/wp-json\/wp\/v2\/comments?post=6965"}],"version-history":[{"count":0,"href":"https:\/\/www.lesmaconsdelacreuse.fr\/annuaires\/wp-json\/wp\/v2\/posts\/6965\/revisions"}],"wp:attachment":[{"href":"https:\/\/www.lesmaconsdelacreuse.fr\/annuaires\/wp-json\/wp\/v2\/media?parent=6965"}],"wp:term":[{"taxonomy":"category","embeddable":true,"href":"https:\/\/www.lesmaconsdelacreuse.fr\/annuaires\/wp-json\/wp\/v2\/categories?post=6965"},{"taxonomy":"post_tag","embeddable":true,"href":"https:\/\/www.lesmaconsdelacreuse.fr\/annuaires\/wp-json\/wp\/v2\/tags?post=6965"}],"curies":[{"name":"wp","href":"https:\/\/api.w.org\/{rel}","templated":true}]}}