{"id":6970,"date":"2019-07-28T13:39:51","date_gmt":"2019-07-28T11:39:51","guid":{"rendered":"http:\/\/lesmaconsdelacreuse.fr\/annuaire\/?p=6970"},"modified":"2020-01-20T11:27:59","modified_gmt":"2020-01-20T10:27:59","slug":"l_1035","status":"publish","type":"post","link":"https:\/\/www.lesmaconsdelacreuse.fr\/annuaires\/lettre-l\/l_1035\/","title":{"rendered":"LEGROS L\u00e9onard (1734-1805)"},"content":{"rendered":"<p class=\"last-updated\"><strong>Mis \u00e0 jour le :<\/strong> 29\/04\/2026<\/p><h2 style=\"text-align: center;\"><strong>L\u00e9onard LEGROS<\/strong><\/h2>\n<p style=\"text-align: center;\"><strong>1734 \u2013 1805<\/strong><\/p>\n<p style=\"text-align: center;\"><img decoding=\"async\" title=\"\" src=\"https:\/\/lesmaconsdelacreuse.fr\/annuaire\/wp-content\/uploads\/2019\/07\/image1-1775.jpg\" alt=\"\" data-source-id=\"i.0\" data-asset-id=\"6966\" \/><\/p>\n<h4 style=\"text-align: center;\"><span style=\"color: #008000;\"><strong>ma\u00e7on <\/strong>et<strong> laboureur<\/strong><\/span><\/h4>\n<p style=\"text-align: center;\">n\u00e9 \u00e0 La Vedrenne (Saint-Pardoux-Lavaud)<\/p>\n<p style=\"text-align: center;\">le 30 janvier 1734<\/p>\n<p style=\"text-align: center;\">fils de<\/p>\n<p style=\"text-align: center;\">Martial LEGROS \/ Jeanne PATISSON<\/p>\n<p style=\"text-align: center;\">laboureurs<\/p>\n<p style=\"text-align: center;\"><span style=\"color: #ffffff;\">\u25d9<\/span><\/p>\n<p><em>L\u00e9onard \u00e9pouse L\u00e9onarde <\/em><strong>PARADE<\/strong><em> le 29 janvier <\/em><strong>1759<\/strong><em> \u00e0 Saint-Pardoux (contrat Tramonteil \u00e0 Peyrat-le-Ch\u00e2teau \u2013 87). <\/em><\/p>\n<p><em>Ils habitent Augerolles, paroisse de Saint-Pardoux.<\/em><\/p>\n<p><em>Ils d\u00e9c\u00e8dent\u00a0;<\/em><\/p>\n<ul>\n<li><em>L\u00e9onarde, \u00e0 Augerolles, le 29 ao\u00fbt <\/em><strong>1779<\/strong><em>, \u00e2g\u00e9e de 30 ans environ<\/em><\/li>\n<li><em>L\u00e9onard, \u00e0 La Vedrenne, le 17 fructidor an XIII (4 septembre <\/em><strong>1805<\/strong><em>), \u00e2g\u00e9 de 71 ans<\/em><\/li>\n<\/ul>\n","protected":false},"excerpt":{"rendered":"<p>Mis \u00e0 jour le : 29\/04\/2026L\u00e9onard LEGROS 1734 \u2013 1805 ma\u00e7on et laboureur n\u00e9 \u00e0 La Vedrenne (Saint-Pardoux-Lavaud) le 30 janvier 1734 fils de Martial LEGROS \/ Jeanne PATISSON laboureurs \u25d9 L\u00e9onard \u00e9pouse L\u00e9onarde PARADE le 29 janvier 1759 \u00e0 Saint-Pardoux (contrat Tramonteil \u00e0 Peyrat-le-Ch\u00e2teau \u2013 87). Ils habitent Augerolles, paroisse de Saint-Pardoux. Ils d\u00e9c\u00e8dent\u00a0; ..<\/p>\n<div class=\"clear-fix\"><\/div>\n<p><a href=\"https:\/\/www.lesmaconsdelacreuse.fr\/annuaires\/lettre-l\/l_1035\/\" title=\"Lire la suite...\">Lire la suite<\/a><\/p>\n","protected":false},"author":6,"featured_media":0,"comment_status":"closed","ping_status":"closed","sticky":false,"template":"","format":"standard","meta":{"_acf_changed":false,"_exactmetrics_skip_tracking":false,"_exactmetrics_sitenote_active":false,"_exactmetrics_sitenote_note":"","_exactmetrics_sitenote_category":0,"footnotes":""},"categories":[19],"tags":[],"class_list":["post-6970","post","type-post","status-publish","format-standard","hentry","category-lettre-l"],"acf":[],"_links":{"self":[{"href":"https:\/\/www.lesmaconsdelacreuse.fr\/annuaires\/wp-json\/wp\/v2\/posts\/6970","targetHints":{"allow":["GET"]}}],"collection":[{"href":"https:\/\/www.lesmaconsdelacreuse.fr\/annuaires\/wp-json\/wp\/v2\/posts"}],"about":[{"href":"https:\/\/www.lesmaconsdelacreuse.fr\/annuaires\/wp-json\/wp\/v2\/types\/post"}],"author":[{"embeddable":true,"href":"https:\/\/www.lesmaconsdelacreuse.fr\/annuaires\/wp-json\/wp\/v2\/users\/6"}],"replies":[{"embeddable":true,"href":"https:\/\/www.lesmaconsdelacreuse.fr\/annuaires\/wp-json\/wp\/v2\/comments?post=6970"}],"version-history":[{"count":0,"href":"https:\/\/www.lesmaconsdelacreuse.fr\/annuaires\/wp-json\/wp\/v2\/posts\/6970\/revisions"}],"wp:attachment":[{"href":"https:\/\/www.lesmaconsdelacreuse.fr\/annuaires\/wp-json\/wp\/v2\/media?parent=6970"}],"wp:term":[{"taxonomy":"category","embeddable":true,"href":"https:\/\/www.lesmaconsdelacreuse.fr\/annuaires\/wp-json\/wp\/v2\/categories?post=6970"},{"taxonomy":"post_tag","embeddable":true,"href":"https:\/\/www.lesmaconsdelacreuse.fr\/annuaires\/wp-json\/wp\/v2\/tags?post=6970"}],"curies":[{"name":"wp","href":"https:\/\/api.w.org\/{rel}","templated":true}]}}