{"id":6994,"date":"2019-07-28T13:39:44","date_gmt":"2019-07-28T11:39:44","guid":{"rendered":"http:\/\/lesmaconsdelacreuse.fr\/annuaire\/?p=6994"},"modified":"2020-01-20T11:28:01","modified_gmt":"2020-01-20T10:28:01","slug":"l_1043","status":"publish","type":"post","link":"https:\/\/www.lesmaconsdelacreuse.fr\/annuaires\/lettre-l\/l_1043\/","title":{"rendered":"LEGROS L\u00e9onard (1833-apr\u00e8s 1898)"},"content":{"rendered":"<p class=\"last-updated\"><strong>Mis \u00e0 jour le :<\/strong> 29\/04\/2026<\/p><h2 style=\"text-align: center;\"><strong>L\u00e9onard LEGROS<\/strong><\/h2>\n<p style=\"text-align: center;\"><strong>1833 \u2013 apr\u00e8s 1898<\/strong><\/p>\n<p style=\"text-align: center;\"><img decoding=\"async\" title=\"\" src=\"https:\/\/lesmaconsdelacreuse.fr\/annuaire\/wp-content\/uploads\/2019\/07\/image1-1787.jpg\" alt=\"\" data-source-id=\"i.0\" data-asset-id=\"6991\" \/><\/p>\n<h4 style=\"text-align: center;\"><span style=\"color: #008000;\"><strong>ma\u00e7on <\/strong>et<strong> cultivateur<\/strong><\/span><\/h4>\n<p style=\"text-align: center;\">n\u00e9 au Pommier (Saint-Moreil)<\/p>\n<p style=\"text-align: center;\">le 24 octobre 1833<\/p>\n<p style=\"text-align: center;\">fils de<\/p>\n<p style=\"text-align: center;\">Martial LEGROS \/ Jeanne MEUNIER<\/p>\n<p style=\"text-align: center;\">propri\u00e9taires cultivateurs<\/p>\n<p style=\"text-align: center;\"><span style=\"color: #ffffff;\">\u25d9<\/span><\/p>\n<p style=\"text-align: left;\"><strong>En 1854<\/strong><em>, L\u00e9onard est dispens\u00e9 de service militaire pour \u00ab\u00a0mauvaise poitrine\u00a0\u00bb.<\/em><\/p>\n<p><em>Il \u00e9pouse Fran\u00e7oise <\/em><strong>BOUTEILLE<\/strong><em> le 17 f\u00e9vrier <\/em><strong>1857<\/strong><em> \u00e0 Saint-Moreil (contrat Berger \u00e0 Bourganeuf). Ils habitent d\u2019abord Le Pommier.<\/em><\/p>\n<p><em>Fran\u00e7oise d\u00e9c\u00e8de \u00e0 La Combe, commune de Bujaleuf-Cheissoux, le 5 mars <\/em><strong>1871<\/strong><em>, \u00e2g\u00e9e de 33 ans.<\/em><\/p>\n<p><em>L\u00e9onard se remarie avec Jeanne <\/em><strong>LAVERGNE<\/strong><em>, veuve de L\u00e9onard COUSSEYROUX, le 21 juin <\/em><strong>1873<\/strong><em> \u00e0 Saint-Moreil (contrat Magadoux de Saint-Martin-Ch\u00e2teau). Ils habitent La Combe.<\/em><\/p>\n<p><em>Jeanne y d\u00e9c\u00e8de le 1er avril <\/em><strong>1894<\/strong><em>, \u00e2g\u00e9e de 65 ans.<\/em><\/p>\n<p><em>L\u00e9onard se marie en troisi\u00e8mes noces, le 17 d\u00e9cembre <\/em><strong>1898<\/strong> <em>\u00e0 Cheissoux (87), avec Marie <\/em><strong>PITANCE<\/strong><em>, veuve de Jean MOURNE et de Guillaume FERMIGIER. <\/em><\/p>\n","protected":false},"excerpt":{"rendered":"<p>Mis \u00e0 jour le : 29\/04\/2026L\u00e9onard LEGROS 1833 \u2013 apr\u00e8s 1898 ma\u00e7on et cultivateur n\u00e9 au Pommier (Saint-Moreil) le 24 octobre 1833 fils de Martial LEGROS \/ Jeanne MEUNIER propri\u00e9taires cultivateurs \u25d9 En 1854, L\u00e9onard est dispens\u00e9 de service militaire pour \u00ab\u00a0mauvaise poitrine\u00a0\u00bb. Il \u00e9pouse Fran\u00e7oise BOUTEILLE le 17 f\u00e9vrier 1857 \u00e0 Saint-Moreil (contrat Berger ..<\/p>\n<div class=\"clear-fix\"><\/div>\n<p><a href=\"https:\/\/www.lesmaconsdelacreuse.fr\/annuaires\/lettre-l\/l_1043\/\" title=\"Lire la suite...\">Lire la suite<\/a><\/p>\n","protected":false},"author":6,"featured_media":0,"comment_status":"closed","ping_status":"closed","sticky":false,"template":"","format":"standard","meta":{"_acf_changed":false,"_exactmetrics_skip_tracking":false,"_exactmetrics_sitenote_active":false,"_exactmetrics_sitenote_note":"","_exactmetrics_sitenote_category":0,"footnotes":""},"categories":[19],"tags":[],"class_list":["post-6994","post","type-post","status-publish","format-standard","hentry","category-lettre-l"],"acf":[],"_links":{"self":[{"href":"https:\/\/www.lesmaconsdelacreuse.fr\/annuaires\/wp-json\/wp\/v2\/posts\/6994","targetHints":{"allow":["GET"]}}],"collection":[{"href":"https:\/\/www.lesmaconsdelacreuse.fr\/annuaires\/wp-json\/wp\/v2\/posts"}],"about":[{"href":"https:\/\/www.lesmaconsdelacreuse.fr\/annuaires\/wp-json\/wp\/v2\/types\/post"}],"author":[{"embeddable":true,"href":"https:\/\/www.lesmaconsdelacreuse.fr\/annuaires\/wp-json\/wp\/v2\/users\/6"}],"replies":[{"embeddable":true,"href":"https:\/\/www.lesmaconsdelacreuse.fr\/annuaires\/wp-json\/wp\/v2\/comments?post=6994"}],"version-history":[{"count":0,"href":"https:\/\/www.lesmaconsdelacreuse.fr\/annuaires\/wp-json\/wp\/v2\/posts\/6994\/revisions"}],"wp:attachment":[{"href":"https:\/\/www.lesmaconsdelacreuse.fr\/annuaires\/wp-json\/wp\/v2\/media?parent=6994"}],"wp:term":[{"taxonomy":"category","embeddable":true,"href":"https:\/\/www.lesmaconsdelacreuse.fr\/annuaires\/wp-json\/wp\/v2\/categories?post=6994"},{"taxonomy":"post_tag","embeddable":true,"href":"https:\/\/www.lesmaconsdelacreuse.fr\/annuaires\/wp-json\/wp\/v2\/tags?post=6994"}],"curies":[{"name":"wp","href":"https:\/\/api.w.org\/{rel}","templated":true}]}}