{"id":7001,"date":"2019-07-28T13:39:44","date_gmt":"2019-07-28T11:39:44","guid":{"rendered":"http:\/\/lesmaconsdelacreuse.fr\/annuaire\/?p=7001"},"modified":"2020-01-20T11:28:01","modified_gmt":"2020-01-20T10:28:01","slug":"l_1081","status":"publish","type":"post","link":"https:\/\/www.lesmaconsdelacreuse.fr\/annuaires\/lettre-l\/l_1081\/","title":{"rendered":"LELARGE Denis (1835-apr\u00e8s 1863)"},"content":{"rendered":"<p class=\"last-updated\"><strong>Mis \u00e0 jour le :<\/strong> 29\/04\/2026<\/p><h2 style=\"text-align: center;\"><strong>Denis LELARGE<\/strong><\/h2>\n<p style=\"text-align: center;\"><strong>Denis LELARGE le jeune<\/strong><\/p>\n<p style=\"text-align: center;\"><strong>1835 \u2013 apr\u00e8s 1863<\/strong><\/p>\n<p style=\"text-align: center;\"><img loading=\"lazy\" decoding=\"async\" class=\"\" title=\"\" src=\"https:\/\/lesmaconsdelacreuse.fr\/annuaire\/wp-content\/uploads\/2019\/07\/image1-1791.jpg\" alt=\"\" width=\"209\" height=\"87\" data-source-id=\"i.0\" data-asset-id=\"7000\" \/><\/p>\n<h4 style=\"text-align: center;\"><span style=\"color: #008000;\"><strong>ma\u00e7on <\/strong>et<strong> cultivateur<\/strong><\/span><\/h4>\n<p style=\"text-align: center;\">n\u00e9 aux Bordes (Roy\u00e8re)<\/p>\n<p style=\"text-align: center;\">le 21 octobre 1835<\/p>\n<p style=\"text-align: center;\">fils de<\/p>\n<p style=\"text-align: center;\">L\u00e9onard LELARGE \/ Marie VIALATOUX<\/p>\n<p style=\"text-align: center;\">propri\u00e9taires cultivateurs<\/p>\n<p style=\"text-align: center;\"><span style=\"color: #ffffff;\">\u25d9<\/span><\/p>\n<p><em>Denis \u00e9pouse Madeleine <\/em><strong>PRADINAUD<\/strong><em> le 2 mars <\/em><strong>1863<\/strong><em> \u00e0 Saint-Yriex-la-Montagne (contrat Vigier \u00e0 Valli\u00e8re). <\/em><\/p>\n<p><em>Ils habitent Le M\u00e9zounioux, commune de Saint-Yriex.<\/em><\/p>\n","protected":false},"excerpt":{"rendered":"<p>Mis \u00e0 jour le : 29\/04\/2026Denis LELARGE Denis LELARGE le jeune 1835 \u2013 apr\u00e8s 1863 ma\u00e7on et cultivateur n\u00e9 aux Bordes (Roy\u00e8re) le 21 octobre 1835 fils de L\u00e9onard LELARGE \/ Marie VIALATOUX propri\u00e9taires cultivateurs \u25d9 Denis \u00e9pouse Madeleine PRADINAUD le 2 mars 1863 \u00e0 Saint-Yriex-la-Montagne (contrat Vigier \u00e0 Valli\u00e8re). Ils habitent Le M\u00e9zounioux, commune ..<\/p>\n<div class=\"clear-fix\"><\/div>\n<p><a href=\"https:\/\/www.lesmaconsdelacreuse.fr\/annuaires\/lettre-l\/l_1081\/\" title=\"Lire la suite...\">Lire la suite<\/a><\/p>\n","protected":false},"author":6,"featured_media":0,"comment_status":"closed","ping_status":"closed","sticky":false,"template":"","format":"standard","meta":{"_acf_changed":false,"_exactmetrics_skip_tracking":false,"_exactmetrics_sitenote_active":false,"_exactmetrics_sitenote_note":"","_exactmetrics_sitenote_category":0,"footnotes":""},"categories":[19],"tags":[],"class_list":["post-7001","post","type-post","status-publish","format-standard","hentry","category-lettre-l"],"acf":[],"_links":{"self":[{"href":"https:\/\/www.lesmaconsdelacreuse.fr\/annuaires\/wp-json\/wp\/v2\/posts\/7001","targetHints":{"allow":["GET"]}}],"collection":[{"href":"https:\/\/www.lesmaconsdelacreuse.fr\/annuaires\/wp-json\/wp\/v2\/posts"}],"about":[{"href":"https:\/\/www.lesmaconsdelacreuse.fr\/annuaires\/wp-json\/wp\/v2\/types\/post"}],"author":[{"embeddable":true,"href":"https:\/\/www.lesmaconsdelacreuse.fr\/annuaires\/wp-json\/wp\/v2\/users\/6"}],"replies":[{"embeddable":true,"href":"https:\/\/www.lesmaconsdelacreuse.fr\/annuaires\/wp-json\/wp\/v2\/comments?post=7001"}],"version-history":[{"count":0,"href":"https:\/\/www.lesmaconsdelacreuse.fr\/annuaires\/wp-json\/wp\/v2\/posts\/7001\/revisions"}],"wp:attachment":[{"href":"https:\/\/www.lesmaconsdelacreuse.fr\/annuaires\/wp-json\/wp\/v2\/media?parent=7001"}],"wp:term":[{"taxonomy":"category","embeddable":true,"href":"https:\/\/www.lesmaconsdelacreuse.fr\/annuaires\/wp-json\/wp\/v2\/categories?post=7001"},{"taxonomy":"post_tag","embeddable":true,"href":"https:\/\/www.lesmaconsdelacreuse.fr\/annuaires\/wp-json\/wp\/v2\/tags?post=7001"}],"curies":[{"name":"wp","href":"https:\/\/api.w.org\/{rel}","templated":true}]}}