{"id":7015,"date":"2019-07-28T13:39:39","date_gmt":"2019-07-28T11:39:39","guid":{"rendered":"http:\/\/lesmaconsdelacreuse.fr\/annuaire\/?p=7015"},"modified":"2020-01-20T11:28:02","modified_gmt":"2020-01-20T10:28:02","slug":"l_1063","status":"publish","type":"post","link":"https:\/\/www.lesmaconsdelacreuse.fr\/annuaires\/lettre-l\/l_1063\/","title":{"rendered":"LEJEUNE Mathurin (vers 1703-1753)"},"content":{"rendered":"<p class=\"last-updated\"><strong>Mis \u00e0 jour le :<\/strong> 29\/04\/2026<\/p><h2 style=\"text-align: center;\"><strong>Mathurin LEJEUNE<\/strong><\/h2>\n<p style=\"text-align: center;\"><strong>vers 1703 \u2013 1753<\/strong><\/p>\n<p style=\"text-align: center;\"><img decoding=\"async\" title=\"\" src=\"https:\/\/lesmaconsdelacreuse.fr\/annuaire\/wp-content\/uploads\/2019\/07\/image1-1797.jpg\" alt=\"\" data-source-id=\"i.0\" data-asset-id=\"7013\" \/><\/p>\n<h4 style=\"text-align: center;\"><span style=\"color: #008000;\"><strong>ma\u00e7on <\/strong>et<strong> laboureur<\/strong><\/span><\/h4>\n<p style=\"text-align: center;\">n\u00e9 \u00e0 Fournoux (Vidaillat)\u00a0?<\/p>\n<p style=\"text-align: center;\">vers 1703<\/p>\n<p style=\"text-align: center;\">fils de<\/p>\n<p style=\"text-align: center;\">Jean LEJEUNE \/ Marie ROUCHON<\/p>\n<p style=\"text-align: center;\"><span style=\"color: #ffffff;\">\u25d9<\/span><\/p>\n<p><strong>En 1720<\/strong><em>, Mathurin \u00e9pouse L\u00e9onarde <\/em><strong>LAGARDE\u00a0<\/strong><em> (contrat Delavergne au Monteil-au-Vicomte).<\/em><\/p>\n<p><em>Ils habitent Gioux, paroisse de Saint-Pierre-le-Bost.<\/em><\/p>\n<p><em> Ils y d\u00e9c\u00e8dent\u00a0:<\/em><\/p>\n<ul>\n<li><em>Mathurin, le 4 mai <\/em><strong>1753<\/strong><em>, \u00e2g\u00e9 de 50 ans environ<\/em><\/li>\n<li><em>L\u00e9onarde, le 9 octobre <\/em><strong>1767<\/strong><em>, \u00e2g\u00e9e de 76 ans environ<\/em><\/li>\n<\/ul>\n","protected":false},"excerpt":{"rendered":"<p>Mis \u00e0 jour le : 29\/04\/2026Mathurin LEJEUNE vers 1703 \u2013 1753 ma\u00e7on et laboureur n\u00e9 \u00e0 Fournoux (Vidaillat)\u00a0? vers 1703 fils de Jean LEJEUNE \/ Marie ROUCHON \u25d9 En 1720, Mathurin \u00e9pouse L\u00e9onarde LAGARDE\u00a0 (contrat Delavergne au Monteil-au-Vicomte). Ils habitent Gioux, paroisse de Saint-Pierre-le-Bost. Ils y d\u00e9c\u00e8dent\u00a0: Mathurin, le 4 mai 1753, \u00e2g\u00e9 de 50 ..<\/p>\n<div class=\"clear-fix\"><\/div>\n<p><a href=\"https:\/\/www.lesmaconsdelacreuse.fr\/annuaires\/lettre-l\/l_1063\/\" title=\"Lire la suite...\">Lire la suite<\/a><\/p>\n","protected":false},"author":6,"featured_media":0,"comment_status":"closed","ping_status":"closed","sticky":false,"template":"","format":"standard","meta":{"_acf_changed":false,"_exactmetrics_skip_tracking":false,"_exactmetrics_sitenote_active":false,"_exactmetrics_sitenote_note":"","_exactmetrics_sitenote_category":0,"footnotes":""},"categories":[19],"tags":[],"class_list":["post-7015","post","type-post","status-publish","format-standard","hentry","category-lettre-l"],"acf":[],"_links":{"self":[{"href":"https:\/\/www.lesmaconsdelacreuse.fr\/annuaires\/wp-json\/wp\/v2\/posts\/7015","targetHints":{"allow":["GET"]}}],"collection":[{"href":"https:\/\/www.lesmaconsdelacreuse.fr\/annuaires\/wp-json\/wp\/v2\/posts"}],"about":[{"href":"https:\/\/www.lesmaconsdelacreuse.fr\/annuaires\/wp-json\/wp\/v2\/types\/post"}],"author":[{"embeddable":true,"href":"https:\/\/www.lesmaconsdelacreuse.fr\/annuaires\/wp-json\/wp\/v2\/users\/6"}],"replies":[{"embeddable":true,"href":"https:\/\/www.lesmaconsdelacreuse.fr\/annuaires\/wp-json\/wp\/v2\/comments?post=7015"}],"version-history":[{"count":0,"href":"https:\/\/www.lesmaconsdelacreuse.fr\/annuaires\/wp-json\/wp\/v2\/posts\/7015\/revisions"}],"wp:attachment":[{"href":"https:\/\/www.lesmaconsdelacreuse.fr\/annuaires\/wp-json\/wp\/v2\/media?parent=7015"}],"wp:term":[{"taxonomy":"category","embeddable":true,"href":"https:\/\/www.lesmaconsdelacreuse.fr\/annuaires\/wp-json\/wp\/v2\/categories?post=7015"},{"taxonomy":"post_tag","embeddable":true,"href":"https:\/\/www.lesmaconsdelacreuse.fr\/annuaires\/wp-json\/wp\/v2\/tags?post=7015"}],"curies":[{"name":"wp","href":"https:\/\/api.w.org\/{rel}","templated":true}]}}