{"id":7019,"date":"2019-07-28T13:39:33","date_gmt":"2019-07-28T11:39:33","guid":{"rendered":"http:\/\/lesmaconsdelacreuse.fr\/annuaire\/?p=7019"},"modified":"2020-01-20T11:28:03","modified_gmt":"2020-01-20T10:28:03","slug":"l_1028","status":"publish","type":"post","link":"https:\/\/www.lesmaconsdelacreuse.fr\/annuaires\/lettre-l\/l_1028\/","title":{"rendered":"LEGROS Jean \u00c9mile (1875-1915)"},"content":{"rendered":"<p class=\"last-updated\"><strong>Mis \u00e0 jour le :<\/strong> 29\/04\/2026<\/p><h2 style=\"text-align: center;\"><strong>Jean \u00c9mile LEGROS<\/strong><\/h2>\n<p style=\"text-align: center;\"><strong>1875 \u2013 1915<\/strong><\/p>\n<p style=\"text-align: center;\"><img decoding=\"async\" title=\"\" src=\"https:\/\/lesmaconsdelacreuse.fr\/annuaire\/wp-content\/uploads\/2019\/07\/image1-1799.jpg\" alt=\"\" data-source-id=\"i.0\" data-asset-id=\"7018\" \/><\/p>\n<h4 style=\"text-align: center;\"><span style=\"color: #008000;\"><strong>ma\u00e7on<\/strong><\/span><\/h4>\n<p style=\"text-align: center;\">n\u00e9 \u00e0 Arfeuille (Roy\u00e8re)<\/p>\n<p style=\"text-align: center;\">le 8 f\u00e9vrier 1875<\/p>\n<p style=\"text-align: center;\">fils de<\/p>\n<p style=\"text-align: center;\">Joseph LEGROS, <span style=\"color: #008000;\"><strong>ma\u00e7on <\/strong><\/span>et mar\u00e9chal-ferrant<\/p>\n<p style=\"text-align: center;\">Marie MOUNAUD<\/p>\n<p style=\"text-align: center;\">propri\u00e9taires cultivateurs<\/p>\n<p style=\"text-align: center;\"><span style=\"color: #ffffff;\">\u25d9<\/span><\/p>\n<p><strong>En 1896<\/strong><em>, Jean travaille dans la <\/em><span style=\"color: #0000ff;\"><strong>Seine <\/strong><\/span><em>et y passe le conseil de r\u00e9vision. Il est ajourn\u00e9 pour faiblesse.<\/em><\/p>\n<p><strong>En 1899<\/strong><em>, il habite <\/em><span style=\"color: #0000ff;\"><strong>Paris (75)<\/strong><\/span><em> 109, rue Damr\u00e9mont\u00a0;<\/em><\/p>\n<p><strong>en 1901<\/strong><em>, 129, rue Lamarck.<\/em><\/p>\n<p><strong>Avant 1903<\/strong><em>, il \u00e9pouse \u00c9lise <\/em><strong>GRANDJEAN<\/strong> <em>. Ils habitent d\u2019abord Andaleix.<\/em><\/p>\n<p><strong>En 1903<\/strong><em>, ils sont \u00e0 Paris 18e\u00a0;<\/em><\/p>\n<p><strong>en 1909<\/strong><em>, \u00e0 Paris 17e. <\/em><\/p>\n<p><em>Soldat au 327e R\u00e9giment d\u2019Infanterie, Jean d\u00e9c\u00e8de tu\u00e9 \u00e0 l\u2019ennemi le 10 juin <\/em><strong>1915<\/strong><em> \u00e0 Mailly-Maillet (80), \u00e2g\u00e9 de 40 ans.<\/em><\/p>\n","protected":false},"excerpt":{"rendered":"<p>Mis \u00e0 jour le : 29\/04\/2026Jean \u00c9mile LEGROS 1875 \u2013 1915 ma\u00e7on n\u00e9 \u00e0 Arfeuille (Roy\u00e8re) le 8 f\u00e9vrier 1875 fils de Joseph LEGROS, ma\u00e7on et mar\u00e9chal-ferrant Marie MOUNAUD propri\u00e9taires cultivateurs \u25d9 En 1896, Jean travaille dans la Seine et y passe le conseil de r\u00e9vision. Il est ajourn\u00e9 pour faiblesse. En 1899, il habite ..<\/p>\n<div class=\"clear-fix\"><\/div>\n<p><a href=\"https:\/\/www.lesmaconsdelacreuse.fr\/annuaires\/lettre-l\/l_1028\/\" title=\"Lire la suite...\">Lire la suite<\/a><\/p>\n","protected":false},"author":6,"featured_media":0,"comment_status":"closed","ping_status":"closed","sticky":false,"template":"","format":"standard","meta":{"_acf_changed":false,"_exactmetrics_skip_tracking":false,"_exactmetrics_sitenote_active":false,"_exactmetrics_sitenote_note":"","_exactmetrics_sitenote_category":0,"footnotes":""},"categories":[19],"tags":[],"class_list":["post-7019","post","type-post","status-publish","format-standard","hentry","category-lettre-l"],"acf":[],"_links":{"self":[{"href":"https:\/\/www.lesmaconsdelacreuse.fr\/annuaires\/wp-json\/wp\/v2\/posts\/7019","targetHints":{"allow":["GET"]}}],"collection":[{"href":"https:\/\/www.lesmaconsdelacreuse.fr\/annuaires\/wp-json\/wp\/v2\/posts"}],"about":[{"href":"https:\/\/www.lesmaconsdelacreuse.fr\/annuaires\/wp-json\/wp\/v2\/types\/post"}],"author":[{"embeddable":true,"href":"https:\/\/www.lesmaconsdelacreuse.fr\/annuaires\/wp-json\/wp\/v2\/users\/6"}],"replies":[{"embeddable":true,"href":"https:\/\/www.lesmaconsdelacreuse.fr\/annuaires\/wp-json\/wp\/v2\/comments?post=7019"}],"version-history":[{"count":0,"href":"https:\/\/www.lesmaconsdelacreuse.fr\/annuaires\/wp-json\/wp\/v2\/posts\/7019\/revisions"}],"wp:attachment":[{"href":"https:\/\/www.lesmaconsdelacreuse.fr\/annuaires\/wp-json\/wp\/v2\/media?parent=7019"}],"wp:term":[{"taxonomy":"category","embeddable":true,"href":"https:\/\/www.lesmaconsdelacreuse.fr\/annuaires\/wp-json\/wp\/v2\/categories?post=7019"},{"taxonomy":"post_tag","embeddable":true,"href":"https:\/\/www.lesmaconsdelacreuse.fr\/annuaires\/wp-json\/wp\/v2\/tags?post=7019"}],"curies":[{"name":"wp","href":"https:\/\/api.w.org\/{rel}","templated":true}]}}