{"id":7023,"date":"2019-07-28T13:39:34","date_gmt":"2019-07-28T11:39:34","guid":{"rendered":"http:\/\/lesmaconsdelacreuse.fr\/annuaire\/?p=7023"},"modified":"2020-02-11T12:20:34","modified_gmt":"2020-02-11T11:20:34","slug":"l_1070","status":"publish","type":"post","link":"https:\/\/www.lesmaconsdelacreuse.fr\/annuaires\/lettre-l\/l_1070\/","title":{"rendered":"LELAQUAIS Martin (1736-1768)"},"content":{"rendered":"<p class=\"last-updated\"><strong>Mis \u00e0 jour le :<\/strong> 29\/04\/2026<\/p><h2 style=\"text-align: center;\"><strong>Martin LELAQUAIS<\/strong><\/h2>\n<p style=\"text-align: center;\"><strong>1736 \u2013 1768<\/strong><\/p>\n<p style=\"text-align: center;\"><img decoding=\"async\" title=\"\" src=\"https:\/\/lesmaconsdelacreuse.fr\/annuaire\/wp-content\/uploads\/2019\/07\/image1-1800.jpg\" alt=\"\" data-source-id=\"i.0\" data-asset-id=\"7022\" \/><\/p>\n<h4 style=\"text-align: center;\"><span style=\"color: #008000;\"><strong>ma\u00e7on<\/strong><\/span><\/h4>\n<p style=\"text-align: center;\">n\u00e9 au Teil-Bas (Saint-Yriex-la-Montagne)<\/p>\n<p style=\"text-align: center;\">le 6 mars 1736<\/p>\n<p style=\"text-align: center;\">fils de<\/p>\n<p style=\"text-align: center;\">L\u00e9onard LELAQUAIS \/ P\u00e9tronille CHABROUTY<\/p>\n<p style=\"text-align: center;\"><span style=\"color: #ffffff;\">\u25d9<\/span><\/p>\n<p><em>Martin \u00e9pouse Th\u00e9r\u00e8se <\/em><strong>BALLY<\/strong><em>, veuve de L\u00e9onard COUTISSON, ma\u00e7on,<\/em> <em>le 11 f\u00e9vrier <\/em><strong>1765<\/strong><em> \u00e0 Roy\u00e8re (contrat Coutisson). <\/em><\/p>\n<p><em>Ils habitent Vergnolas, m\u00eame commune. <\/em><\/p>\n<p><em>Martin d\u00e9c\u00e8de \u00e0 \u25ba<a target=\"_blank\"href=\"https:\/\/www.lesmaconsdelacreuse.fr\/annuaires\/\/wp-content\/uploads\/PHOTOS_-_CARTES_POSTALES\/\/LYON_-_Hopital_de_lHotel-Dieu.jpg\">l\u2019H\u00f4tel-Dieu<\/a> de <\/em><span style=\"color: #0000ff;\"><strong>Lyon (69)<\/strong><\/span><em> le 4 juillet \u25ba<\/em><a target=\"_blank\"href=\"https:\/\/www.lesmaconsdelacreuse.fr\/annuaires\/\/wp-content\/uploads\/DOCUMENTS\/1768_-_Martin_LELAQUAIS_decede_a_Lyon.pdf\"><strong><span style=\"color: #ff00ff;\">1768<\/span><\/strong><\/a><em>, \u00e2g\u00e9 de 32 ans. <\/em><\/p>\n<p><em>Sa veuve \u00e9pouse en troisi\u00e8mes noces L\u00e9onard BROUSSAS en 1770, et d\u00e9c\u00e8de \u00e0 Vergnolas le 3 mai 1807, \u00e2g\u00e9e de 62 ans.<\/em><\/p>\n","protected":false},"excerpt":{"rendered":"<p>Mis \u00e0 jour le : 29\/04\/2026Martin LELAQUAIS 1736 \u2013 1768 ma\u00e7on n\u00e9 au Teil-Bas (Saint-Yriex-la-Montagne) le 6 mars 1736 fils de L\u00e9onard LELAQUAIS \/ P\u00e9tronille CHABROUTY \u25d9 Martin \u00e9pouse Th\u00e9r\u00e8se BALLY, veuve de L\u00e9onard COUTISSON, ma\u00e7on, le 11 f\u00e9vrier 1765 \u00e0 Roy\u00e8re (contrat Coutisson). Ils habitent Vergnolas, m\u00eame commune. Martin d\u00e9c\u00e8de \u00e0 \u25bal\u2019H\u00f4tel-Dieu de Lyon ..<\/p>\n<div class=\"clear-fix\"><\/div>\n<p><a href=\"https:\/\/www.lesmaconsdelacreuse.fr\/annuaires\/lettre-l\/l_1070\/\" title=\"Lire la suite...\">Lire la suite<\/a><\/p>\n","protected":false},"author":6,"featured_media":0,"comment_status":"closed","ping_status":"closed","sticky":false,"template":"","format":"standard","meta":{"_acf_changed":false,"_exactmetrics_skip_tracking":false,"_exactmetrics_sitenote_active":false,"_exactmetrics_sitenote_note":"","_exactmetrics_sitenote_category":0,"footnotes":""},"categories":[19],"tags":[],"class_list":["post-7023","post","type-post","status-publish","format-standard","hentry","category-lettre-l"],"acf":[],"_links":{"self":[{"href":"https:\/\/www.lesmaconsdelacreuse.fr\/annuaires\/wp-json\/wp\/v2\/posts\/7023","targetHints":{"allow":["GET"]}}],"collection":[{"href":"https:\/\/www.lesmaconsdelacreuse.fr\/annuaires\/wp-json\/wp\/v2\/posts"}],"about":[{"href":"https:\/\/www.lesmaconsdelacreuse.fr\/annuaires\/wp-json\/wp\/v2\/types\/post"}],"author":[{"embeddable":true,"href":"https:\/\/www.lesmaconsdelacreuse.fr\/annuaires\/wp-json\/wp\/v2\/users\/6"}],"replies":[{"embeddable":true,"href":"https:\/\/www.lesmaconsdelacreuse.fr\/annuaires\/wp-json\/wp\/v2\/comments?post=7023"}],"version-history":[{"count":0,"href":"https:\/\/www.lesmaconsdelacreuse.fr\/annuaires\/wp-json\/wp\/v2\/posts\/7023\/revisions"}],"wp:attachment":[{"href":"https:\/\/www.lesmaconsdelacreuse.fr\/annuaires\/wp-json\/wp\/v2\/media?parent=7023"}],"wp:term":[{"taxonomy":"category","embeddable":true,"href":"https:\/\/www.lesmaconsdelacreuse.fr\/annuaires\/wp-json\/wp\/v2\/categories?post=7023"},{"taxonomy":"post_tag","embeddable":true,"href":"https:\/\/www.lesmaconsdelacreuse.fr\/annuaires\/wp-json\/wp\/v2\/tags?post=7023"}],"curies":[{"name":"wp","href":"https:\/\/api.w.org\/{rel}","templated":true}]}}