{"id":7026,"date":"2019-07-28T13:39:27","date_gmt":"2019-07-28T11:39:27","guid":{"rendered":"http:\/\/lesmaconsdelacreuse.fr\/annuaire\/?p=7026"},"modified":"2022-02-18T16:37:30","modified_gmt":"2022-02-18T15:37:30","slug":"l_1089","status":"publish","type":"post","link":"https:\/\/www.lesmaconsdelacreuse.fr\/annuaires\/lettre-l\/l_1089\/","title":{"rendered":"LELARGE Fran\u00e7ois (1858-1924)"},"content":{"rendered":"<p class=\"last-updated\"><strong>Mis \u00e0 jour le :<\/strong> 29\/04\/2026<\/p><h2 style=\"text-align: center;\"><strong>Fran\u00e7ois LELARGE<\/strong><\/h2>\n<p style=\"text-align: center;\"><strong>1858 \u2013 1924<\/strong><\/p>\n<p style=\"text-align: center;\"><img decoding=\"async\" title=\"\" src=\"https:\/\/lesmaconsdelacreuse.fr\/annuaire\/wp-content\/uploads\/2019\/07\/image1-1801.jpg\" alt=\"\" data-source-id=\"i.0\" data-asset-id=\"7024\" \/><\/p>\n<h4 style=\"text-align: center;\"><span style=\"color: #008000;\"><strong>ma\u00e7on<\/strong><\/span><\/h4>\n<p style=\"text-align: center;\">n\u00e9 au Picq (Roy\u00e8re)<\/p>\n<p style=\"text-align: center;\">le 29 septembre 1858<\/p>\n<p style=\"text-align: center;\">fils de<\/p>\n<p style=\"text-align: center;\">Fran\u00e7ois LELARGE, <span style=\"color: #008000;\"><strong>ma\u00e7on<\/strong><\/span><\/p>\n<p style=\"text-align: center;\">Marie TAUTY, cultivatrice<\/p>\n<p style=\"text-align: center;\"><span style=\"color: #ffffff;\">\u25d9<\/span><\/p>\n<p><strong>En 1879<\/strong><em>, Fran\u00e7ois travaille en <\/em><span style=\"color: #0000ff;\"><strong>Charente-Maritime <\/strong><\/span><em>et demande \u00e0 passer le conseil de r\u00e9vision \u00e0 <\/em><span style=\"color: #0000ff;\"><strong>Matha (17)<\/strong><\/span><em>.<\/em><\/p>\n<p><em> Il \u00e9pouse Jeanne <\/em><strong>NOTTE<\/strong><em> \u00e0 Roy\u00e8re le 9 f\u00e9vrier <\/em><strong>1882<\/strong><em> (mari\u00e9s sans contrat)\u00a0; il ne sait pas encore signer.<\/em><\/p>\n<p><strong>En 1887<\/strong><em>, ils habitent <\/em><span style=\"color: #0000ff;\"><strong>Lyon (69)<\/strong><\/span><em> 94, rue Saint-Cyr, puis 102, rue Rabelais.<\/em><\/p>\n<p><em> Jeanne d\u00e9c\u00e8de \u00e0 \u25ba<a href=\"https:\/\/www.lesmaconsdelacreuse.fr\/annuaires\/\/wp-content\/uploads\/PHOTOS_-_CARTES_POSTALES\/\/LYON_-_Hopital_de_lHotel-Dieu.jpg\" target=\"_blank\" rel=\"noopener\">l\u2019H\u00f4tel-Dieu<\/a>, Lyon 2e, le 4 juin de la m\u00eame ann\u00e9e, \u00e2g\u00e9e de 26 ans\u00a0.<\/em><\/p>\n<p><em>Fran\u00e7ois se remarie avec Eug\u00e9nie <\/em><strong>SAUTOUR<\/strong><em> \u00e0 Roy\u00e8re le 14 f\u00e9vrier <\/em><strong>1888<\/strong><em> (contrat Toumieux). <\/em><\/p>\n<p><em>Le couple habite Le Picq. Eug\u00e9nie y d\u00e9c\u00e8de le 23 novembre <\/em><strong>1890<\/strong><em>, \u00e2g\u00e9e de 29 ans. <\/em><\/p>\n<p><em>Fran\u00e7ois se marie en troisi\u00e8mes noces \u00e0 Roy\u00e8re le 13 janvier <\/em><strong>1891<\/strong><em> avec Th\u00e9r\u00e8se <\/em><strong>CHAPEAU<\/strong><em>, tisserande. Le nouveau couple habite Neuvialle, commune de Saint-Martin-Ch\u00e2teau. <\/em><\/p>\n<p><strong>En 1920<\/strong><em>, Fran\u00e7ois travaille \u00e0 Lyon et loge 33, rue de la Part-Dieu.<\/em><\/p>\n<p><em>Les \u00e9poux d\u00e9c\u00e8dent:<\/em><\/p>\n<ul>\n<li><em>Fran\u00e7ois, \u00e0 l&rsquo;h\u00f4pital de Bourganeuf, le 3 d\u00e9cembre <\/em><strong>1924<\/strong><em>, \u00e2g\u00e9 de 66 ans<\/em><\/li>\n<li><em>Th\u00e9r\u00e8se, au Compeix, commune de Saint-Pierre-Bellevue, le 11 d\u00e9cembre <\/em><strong>1944<\/strong><em>, \u00e2g\u00e9e de 88 ans<\/em><\/li>\n<\/ul>\n","protected":false},"excerpt":{"rendered":"<p>Mis \u00e0 jour le : 29\/04\/2026Fran\u00e7ois LELARGE 1858 \u2013 1924 ma\u00e7on n\u00e9 au Picq (Roy\u00e8re) le 29 septembre 1858 fils de Fran\u00e7ois LELARGE, ma\u00e7on Marie TAUTY, cultivatrice \u25d9 En 1879, Fran\u00e7ois travaille en Charente-Maritime et demande \u00e0 passer le conseil de r\u00e9vision \u00e0 Matha (17). Il \u00e9pouse Jeanne NOTTE \u00e0 Roy\u00e8re le 9 f\u00e9vrier 1882 ..<\/p>\n<div class=\"clear-fix\"><\/div>\n<p><a href=\"https:\/\/www.lesmaconsdelacreuse.fr\/annuaires\/lettre-l\/l_1089\/\" title=\"Lire la suite...\">Lire la suite<\/a><\/p>\n","protected":false},"author":6,"featured_media":0,"comment_status":"closed","ping_status":"closed","sticky":false,"template":"","format":"standard","meta":{"_acf_changed":false,"_exactmetrics_skip_tracking":false,"_exactmetrics_sitenote_active":false,"_exactmetrics_sitenote_note":"","_exactmetrics_sitenote_category":0,"footnotes":""},"categories":[19],"tags":[],"class_list":["post-7026","post","type-post","status-publish","format-standard","hentry","category-lettre-l"],"acf":[],"_links":{"self":[{"href":"https:\/\/www.lesmaconsdelacreuse.fr\/annuaires\/wp-json\/wp\/v2\/posts\/7026","targetHints":{"allow":["GET"]}}],"collection":[{"href":"https:\/\/www.lesmaconsdelacreuse.fr\/annuaires\/wp-json\/wp\/v2\/posts"}],"about":[{"href":"https:\/\/www.lesmaconsdelacreuse.fr\/annuaires\/wp-json\/wp\/v2\/types\/post"}],"author":[{"embeddable":true,"href":"https:\/\/www.lesmaconsdelacreuse.fr\/annuaires\/wp-json\/wp\/v2\/users\/6"}],"replies":[{"embeddable":true,"href":"https:\/\/www.lesmaconsdelacreuse.fr\/annuaires\/wp-json\/wp\/v2\/comments?post=7026"}],"version-history":[{"count":2,"href":"https:\/\/www.lesmaconsdelacreuse.fr\/annuaires\/wp-json\/wp\/v2\/posts\/7026\/revisions"}],"predecessor-version":[{"id":195100,"href":"https:\/\/www.lesmaconsdelacreuse.fr\/annuaires\/wp-json\/wp\/v2\/posts\/7026\/revisions\/195100"}],"wp:attachment":[{"href":"https:\/\/www.lesmaconsdelacreuse.fr\/annuaires\/wp-json\/wp\/v2\/media?parent=7026"}],"wp:term":[{"taxonomy":"category","embeddable":true,"href":"https:\/\/www.lesmaconsdelacreuse.fr\/annuaires\/wp-json\/wp\/v2\/categories?post=7026"},{"taxonomy":"post_tag","embeddable":true,"href":"https:\/\/www.lesmaconsdelacreuse.fr\/annuaires\/wp-json\/wp\/v2\/tags?post=7026"}],"curies":[{"name":"wp","href":"https:\/\/api.w.org\/{rel}","templated":true}]}}