{"id":7027,"date":"2019-07-28T13:39:26","date_gmt":"2019-07-28T11:39:26","guid":{"rendered":"http:\/\/lesmaconsdelacreuse.fr\/annuaire\/?p=7027"},"modified":"2020-10-08T14:58:14","modified_gmt":"2020-10-08T12:58:14","slug":"l_1074","status":"publish","type":"post","link":"https:\/\/www.lesmaconsdelacreuse.fr\/annuaires\/lettre-l\/l_1074\/","title":{"rendered":"LELARGE Alexandre Adolphe (1888-1957)"},"content":{"rendered":"<p class=\"last-updated\"><strong>Mis \u00e0 jour le :<\/strong> 29\/04\/2026<\/p><h2 style=\"text-align: center;\"><strong>Alexandre Adolphe LELARGE<\/strong><\/h2>\n<p style=\"text-align: center;\"><strong>1888 \u2013 1957<\/strong><\/p>\n<p style=\"text-align: center;\"><img decoding=\"async\" title=\"\" src=\"https:\/\/lesmaconsdelacreuse.fr\/annuaire\/wp-content\/uploads\/2019\/07\/image1-1802.jpg\" alt=\"\" data-source-id=\"i.0\" data-asset-id=\"7025\" \/><\/p>\n<h4 style=\"text-align: center;\"><span style=\"color: #008000;\"><strong><em>\u25ba<\/em><a href=\"https:\/\/www.lesmaconsdelacreuse.fr\/annuaires\/wp-content\/uploads\/2020\/08\/CONTREMAITRE-MA\u00c7ON.png\" target=\"_blank\" rel=\"noopener noreferrer\"><span style=\"color: #008000;\">contrema\u00eetre<\/span><\/a> ma\u00e7on<\/strong><\/span><\/h4>\n<p>&nbsp;<\/p>\n<p style=\"text-align: center;\">n\u00e9 au Picq (Roy\u00e8re)<\/p>\n<p style=\"text-align: center;\">le 14 d\u00e9cembre 1888<\/p>\n<p style=\"text-align: center;\">fils de<\/p>\n<p style=\"text-align: center;\">Fran\u00e7ois LELARGE, <span style=\"color: #008000;\"><strong>ma\u00e7on<\/strong><\/span><\/p>\n<p style=\"text-align: center;\">Eug\u00e9nie SAUTOUR, cultivatrice<\/p>\n<p style=\"text-align: center;\"><span style=\"color: #ffffff;\">\u25d9<\/span><\/p>\n<p style=\"text-align: left;\"><strong>En 1909<\/strong><em>, Alexandre, <\/em><strong><span style=\"color: #008000;\">ma\u00e7on<\/span>,<\/strong><em> travaille dans le <\/em><span style=\"color: #0000ff;\"><strong>Rh\u00f4ne <\/strong><\/span><em>et y passe le conseil de r\u00e9vision.<\/em><\/p>\n<p><strong>en 1911<\/strong><em>, il loge \u00e0 <\/em><span style=\"color: #0000ff;\"><strong>Lyon (69)<\/strong><\/span><em> 6, rue Colas\u00a0;<\/em><\/p>\n<p><strong>en 1912<\/strong><em>, 205, rue de Cr\u00e9qui\u00a0;<\/em><\/p>\n<p><strong>en 1914<\/strong><em>, 183, rue Cr\u00e9qui, chez Gane\u00a0;<\/em><\/p>\n<p><strong>en 1920<\/strong><em>, revenu de la guerre, 77, rue Cr\u00e9qui.<\/em><\/p>\n<p><em>Il \u00e9pouse Marie Maria <\/em><strong>CL\u00c9MENSOT<\/strong><em>, employ\u00e9e native de Peyrat-le-Ch\u00e2teau (87), le 27 janvier de la m\u00eame ann\u00e9e \u00e0 Lyon 3e\u00a0 (mari\u00e9s sans contrat).<\/em><\/p>\n<p><strong>En 1925<\/strong><em>, ils habitent 33, rue Dunoir dans le 3e\u00a0arrondissement\u00a0;<\/em><\/p>\n<p><strong>en 1928<\/strong><em>, <\/em><span style=\"color: #0000ff;\"><strong>Villeurbanne (69)<\/strong><\/span><em>, 9, rue Spreafico. <\/em><\/p>\n<p><em>Toujours domicili\u00e9 \u00e0 Villeurbanne, Alexandre, <\/em><span style=\"color: #008000;\"><strong>contrema\u00eetre<\/strong><\/span><em>, d\u00e9c\u00e8de \u00e0 Lyon 3e , h\u00f4pital Rockfeller, le 16 juin <\/em><strong>1957<\/strong><em>, \u00e2g\u00e9 de 68 ans. <\/em><\/p>\n<p><em>Sa veuve d\u00e9c\u00e8de \u00e0 Lyon 6e le 27 novembre <\/em><strong>1979<\/strong><em>, 84, rue des Charmettes, \u00e2g\u00e9e de 82 ans, domicili\u00e9e \u00e0 Villeurbanne.<\/em><\/p>\n<p>&nbsp;<\/p>\n","protected":false},"excerpt":{"rendered":"<p>Mis \u00e0 jour le : 29\/04\/2026Alexandre Adolphe LELARGE 1888 \u2013 1957 \u25bacontrema\u00eetre ma\u00e7on &nbsp; n\u00e9 au Picq (Roy\u00e8re) le 14 d\u00e9cembre 1888 fils de Fran\u00e7ois LELARGE, ma\u00e7on Eug\u00e9nie SAUTOUR, cultivatrice \u25d9 En 1909, Alexandre, ma\u00e7on, travaille dans le Rh\u00f4ne et y passe le conseil de r\u00e9vision. en 1911, il loge \u00e0 Lyon (69) 6, rue ..<\/p>\n<div class=\"clear-fix\"><\/div>\n<p><a href=\"https:\/\/www.lesmaconsdelacreuse.fr\/annuaires\/lettre-l\/l_1074\/\" title=\"Lire la suite...\">Lire la suite<\/a><\/p>\n","protected":false},"author":6,"featured_media":0,"comment_status":"closed","ping_status":"closed","sticky":false,"template":"","format":"standard","meta":{"_acf_changed":false,"_exactmetrics_skip_tracking":false,"_exactmetrics_sitenote_active":false,"_exactmetrics_sitenote_note":"","_exactmetrics_sitenote_category":0,"footnotes":""},"categories":[19],"tags":[],"class_list":["post-7027","post","type-post","status-publish","format-standard","hentry","category-lettre-l"],"acf":[],"_links":{"self":[{"href":"https:\/\/www.lesmaconsdelacreuse.fr\/annuaires\/wp-json\/wp\/v2\/posts\/7027","targetHints":{"allow":["GET"]}}],"collection":[{"href":"https:\/\/www.lesmaconsdelacreuse.fr\/annuaires\/wp-json\/wp\/v2\/posts"}],"about":[{"href":"https:\/\/www.lesmaconsdelacreuse.fr\/annuaires\/wp-json\/wp\/v2\/types\/post"}],"author":[{"embeddable":true,"href":"https:\/\/www.lesmaconsdelacreuse.fr\/annuaires\/wp-json\/wp\/v2\/users\/6"}],"replies":[{"embeddable":true,"href":"https:\/\/www.lesmaconsdelacreuse.fr\/annuaires\/wp-json\/wp\/v2\/comments?post=7027"}],"version-history":[{"count":0,"href":"https:\/\/www.lesmaconsdelacreuse.fr\/annuaires\/wp-json\/wp\/v2\/posts\/7027\/revisions"}],"wp:attachment":[{"href":"https:\/\/www.lesmaconsdelacreuse.fr\/annuaires\/wp-json\/wp\/v2\/media?parent=7027"}],"wp:term":[{"taxonomy":"category","embeddable":true,"href":"https:\/\/www.lesmaconsdelacreuse.fr\/annuaires\/wp-json\/wp\/v2\/categories?post=7027"},{"taxonomy":"post_tag","embeddable":true,"href":"https:\/\/www.lesmaconsdelacreuse.fr\/annuaires\/wp-json\/wp\/v2\/tags?post=7027"}],"curies":[{"name":"wp","href":"https:\/\/api.w.org\/{rel}","templated":true}]}}