{"id":7030,"date":"2019-07-28T13:39:24","date_gmt":"2019-07-28T11:39:24","guid":{"rendered":"http:\/\/lesmaconsdelacreuse.fr\/annuaire\/?p=7030"},"modified":"2023-01-04T07:21:48","modified_gmt":"2023-01-04T06:21:48","slug":"l_1053","status":"publish","type":"post","link":"https:\/\/www.lesmaconsdelacreuse.fr\/annuaires\/lettre-l\/l_1053\/","title":{"rendered":"LEGROS Pierre (1670-entre 1734 et 1764)"},"content":{"rendered":"<p class=\"last-updated\"><strong>Mis \u00e0 jour le :<\/strong> 29\/04\/2026<\/p><h2 style=\"text-align: center;\"><strong>Pierre LEGROS<\/strong><\/h2>\n<p style=\"text-align: center;\"><strong>1670 \u2013 entre 1734 et 1764<\/strong><\/p>\n<p style=\"text-align: center;\"><img decoding=\"async\" title=\"\" src=\"https:\/\/lesmaconsdelacreuse.fr\/annuaire\/wp-content\/uploads\/2019\/07\/image1-1803.jpg\" alt=\"\" data-source-id=\"i.0\" data-asset-id=\"7028\" \/><\/p>\n<h4 style=\"text-align: center;\"><span style=\"color: #008000;\"><strong>ma\u00e7on <\/strong>et<strong> laboureur<\/strong><\/span><\/h4>\n<p style=\"text-align: center;\">n\u00e9 \u00e0 Rubeyne (Roy\u00e8re)<\/p>\n<p style=\"text-align: center;\">le 20 octobre 1670<\/p>\n<p style=\"text-align: center;\">fils de<\/p>\n<p style=\"text-align: center;\">Antoine LEGROS, <span style=\"color: #008000;\"><strong>ma\u00e7on<\/strong><\/span> et marchand<\/p>\n<p style=\"text-align: center;\">Jeanne GASPARD<\/p>\n<p style=\"text-align: center;\">laboureurs<\/p>\n<p style=\"text-align: center;\"><span style=\"color: #ffffff;\">\u25d9<\/span><\/p>\n<p><em>Pierre \u00e9pouse L\u00e9onarde <\/em><strong>BELARBRE<\/strong><em> (dite aussi MOUNICHON du nom de sa m\u00e8re) le 21 f\u00e9vrier <\/em><strong>1702<\/strong><em> \u00e0 Roy\u00e8re\u00a0; L\u00e9onarde est veuve de Germain LARFOUILLAUD, ma\u00e7on.<\/em><\/p>\n<p><em>Les \u00e9poux habitent Rubeyne.<\/em><\/p>\n<p><em>L\u00e9onarde y d\u00e9c\u00e8de, inhum\u00e9e le 18 septembre <\/em><strong>1716<\/strong><em>, \u00e2g\u00e9e de 42 ans.<\/em><\/p>\n<p>S17<\/p>\n","protected":false},"excerpt":{"rendered":"<p>Mis \u00e0 jour le : 29\/04\/2026Pierre LEGROS 1670 \u2013 entre 1734 et 1764 ma\u00e7on et laboureur n\u00e9 \u00e0 Rubeyne (Roy\u00e8re) le 20 octobre 1670 fils de Antoine LEGROS, ma\u00e7on et marchand Jeanne GASPARD laboureurs \u25d9 Pierre \u00e9pouse L\u00e9onarde BELARBRE (dite aussi MOUNICHON du nom de sa m\u00e8re) le 21 f\u00e9vrier 1702 \u00e0 Roy\u00e8re\u00a0; L\u00e9onarde est ..<\/p>\n<div class=\"clear-fix\"><\/div>\n<p><a href=\"https:\/\/www.lesmaconsdelacreuse.fr\/annuaires\/lettre-l\/l_1053\/\" title=\"Lire la suite...\">Lire la suite<\/a><\/p>\n","protected":false},"author":6,"featured_media":0,"comment_status":"closed","ping_status":"closed","sticky":false,"template":"","format":"standard","meta":{"_acf_changed":false,"_exactmetrics_skip_tracking":false,"_exactmetrics_sitenote_active":false,"_exactmetrics_sitenote_note":"","_exactmetrics_sitenote_category":0,"footnotes":""},"categories":[19],"tags":[],"class_list":["post-7030","post","type-post","status-publish","format-standard","hentry","category-lettre-l"],"acf":[],"_links":{"self":[{"href":"https:\/\/www.lesmaconsdelacreuse.fr\/annuaires\/wp-json\/wp\/v2\/posts\/7030","targetHints":{"allow":["GET"]}}],"collection":[{"href":"https:\/\/www.lesmaconsdelacreuse.fr\/annuaires\/wp-json\/wp\/v2\/posts"}],"about":[{"href":"https:\/\/www.lesmaconsdelacreuse.fr\/annuaires\/wp-json\/wp\/v2\/types\/post"}],"author":[{"embeddable":true,"href":"https:\/\/www.lesmaconsdelacreuse.fr\/annuaires\/wp-json\/wp\/v2\/users\/6"}],"replies":[{"embeddable":true,"href":"https:\/\/www.lesmaconsdelacreuse.fr\/annuaires\/wp-json\/wp\/v2\/comments?post=7030"}],"version-history":[{"count":1,"href":"https:\/\/www.lesmaconsdelacreuse.fr\/annuaires\/wp-json\/wp\/v2\/posts\/7030\/revisions"}],"predecessor-version":[{"id":203574,"href":"https:\/\/www.lesmaconsdelacreuse.fr\/annuaires\/wp-json\/wp\/v2\/posts\/7030\/revisions\/203574"}],"wp:attachment":[{"href":"https:\/\/www.lesmaconsdelacreuse.fr\/annuaires\/wp-json\/wp\/v2\/media?parent=7030"}],"wp:term":[{"taxonomy":"category","embeddable":true,"href":"https:\/\/www.lesmaconsdelacreuse.fr\/annuaires\/wp-json\/wp\/v2\/categories?post=7030"},{"taxonomy":"post_tag","embeddable":true,"href":"https:\/\/www.lesmaconsdelacreuse.fr\/annuaires\/wp-json\/wp\/v2\/tags?post=7030"}],"curies":[{"name":"wp","href":"https:\/\/api.w.org\/{rel}","templated":true}]}}