{"id":7043,"date":"2019-07-28T13:39:17","date_gmt":"2019-07-28T11:39:17","guid":{"rendered":"http:\/\/lesmaconsdelacreuse.fr\/annuaire\/?p=7043"},"modified":"2020-01-20T11:28:04","modified_gmt":"2020-01-20T10:28:04","slug":"l_1056","status":"publish","type":"post","link":"https:\/\/www.lesmaconsdelacreuse.fr\/annuaires\/lettre-l\/l_1056\/","title":{"rendered":"LEGROS Pierre (1809-1852)"},"content":{"rendered":"<p class=\"last-updated\"><strong>Mis \u00e0 jour le :<\/strong> 29\/04\/2026<\/p><h2 style=\"text-align: center;\"><strong>Pierre LEGROS<\/strong><\/h2>\n<p style=\"text-align: center;\"><strong>1809 \u2013 1852<\/strong><\/p>\n<p style=\"text-align: center;\"><img decoding=\"async\" title=\"\" src=\"https:\/\/lesmaconsdelacreuse.fr\/annuaire\/wp-content\/uploads\/2019\/07\/image1-1809.jpg\" alt=\"\" data-source-id=\"i.0\" data-asset-id=\"7041\" \/><\/p>\n<h4 style=\"text-align: center;\"><span style=\"color: #008000;\"><strong>ma\u00e7on <\/strong>et<strong> cultivateur<\/strong><\/span><\/h4>\n<p style=\"text-align: center;\">n\u00e9 \u00e0 La Colomberie (Charri\u00e8re)<\/p>\n<p style=\"text-align: center;\">le 22 janvier 1809<\/p>\n<p style=\"text-align: center;\">fils de<\/p>\n<p style=\"text-align: center;\">Fran\u00e7ois LEGROS \/ Marie TRUFFY<\/p>\n<p style=\"text-align: center;\">propri\u00e9taires cultivateurs<\/p>\n<p style=\"text-align: center;\"><span style=\"color: #ffffff;\">\u25d9<\/span><\/p>\n<p><em>Pierre \u00e9pouse Marie <\/em><strong>DAUCHAIZE<\/strong><em> le 28 f\u00e9vrier <\/em><strong>1842<\/strong><em> \u00e0 Saint-Moreil. <\/em><\/p>\n<p><em>Ils habitent Pr\u00e9sench\u00e8re, m\u00eame commune.<\/em><\/p>\n<p><em>Pierre d\u00e9c\u00e8de \u00e0 La Colomberie le 20 mars <\/em><strong>1852<\/strong><em>, \u00e2g\u00e9 de 43 ans.<\/em><\/p>\n","protected":false},"excerpt":{"rendered":"<p>Mis \u00e0 jour le : 29\/04\/2026Pierre LEGROS 1809 \u2013 1852 ma\u00e7on et cultivateur n\u00e9 \u00e0 La Colomberie (Charri\u00e8re) le 22 janvier 1809 fils de Fran\u00e7ois LEGROS \/ Marie TRUFFY propri\u00e9taires cultivateurs \u25d9 Pierre \u00e9pouse Marie DAUCHAIZE le 28 f\u00e9vrier 1842 \u00e0 Saint-Moreil. Ils habitent Pr\u00e9sench\u00e8re, m\u00eame commune. Pierre d\u00e9c\u00e8de \u00e0 La Colomberie le 20 mars ..<\/p>\n<div class=\"clear-fix\"><\/div>\n<p><a href=\"https:\/\/www.lesmaconsdelacreuse.fr\/annuaires\/lettre-l\/l_1056\/\" title=\"Lire la suite...\">Lire la suite<\/a><\/p>\n","protected":false},"author":6,"featured_media":0,"comment_status":"closed","ping_status":"closed","sticky":false,"template":"","format":"standard","meta":{"_acf_changed":false,"_exactmetrics_skip_tracking":false,"_exactmetrics_sitenote_active":false,"_exactmetrics_sitenote_note":"","_exactmetrics_sitenote_category":0,"footnotes":""},"categories":[19],"tags":[],"class_list":["post-7043","post","type-post","status-publish","format-standard","hentry","category-lettre-l"],"acf":[],"_links":{"self":[{"href":"https:\/\/www.lesmaconsdelacreuse.fr\/annuaires\/wp-json\/wp\/v2\/posts\/7043","targetHints":{"allow":["GET"]}}],"collection":[{"href":"https:\/\/www.lesmaconsdelacreuse.fr\/annuaires\/wp-json\/wp\/v2\/posts"}],"about":[{"href":"https:\/\/www.lesmaconsdelacreuse.fr\/annuaires\/wp-json\/wp\/v2\/types\/post"}],"author":[{"embeddable":true,"href":"https:\/\/www.lesmaconsdelacreuse.fr\/annuaires\/wp-json\/wp\/v2\/users\/6"}],"replies":[{"embeddable":true,"href":"https:\/\/www.lesmaconsdelacreuse.fr\/annuaires\/wp-json\/wp\/v2\/comments?post=7043"}],"version-history":[{"count":0,"href":"https:\/\/www.lesmaconsdelacreuse.fr\/annuaires\/wp-json\/wp\/v2\/posts\/7043\/revisions"}],"wp:attachment":[{"href":"https:\/\/www.lesmaconsdelacreuse.fr\/annuaires\/wp-json\/wp\/v2\/media?parent=7043"}],"wp:term":[{"taxonomy":"category","embeddable":true,"href":"https:\/\/www.lesmaconsdelacreuse.fr\/annuaires\/wp-json\/wp\/v2\/categories?post=7043"},{"taxonomy":"post_tag","embeddable":true,"href":"https:\/\/www.lesmaconsdelacreuse.fr\/annuaires\/wp-json\/wp\/v2\/tags?post=7043"}],"curies":[{"name":"wp","href":"https:\/\/api.w.org\/{rel}","templated":true}]}}