{"id":7054,"date":"2019-07-28T13:38:27","date_gmt":"2019-07-28T11:38:27","guid":{"rendered":"http:\/\/lesmaconsdelacreuse.fr\/annuaire\/?p=7054"},"modified":"2020-01-20T11:28:05","modified_gmt":"2020-01-20T10:28:05","slug":"l_1045","status":"publish","type":"post","link":"https:\/\/www.lesmaconsdelacreuse.fr\/annuaires\/lettre-l\/l_1045\/","title":{"rendered":"LEGROS L\u00e9onard (1851-1895)"},"content":{"rendered":"<p class=\"last-updated\"><strong>Mis \u00e0 jour le :<\/strong> 29\/04\/2026<\/p><h2 style=\"text-align: center;\"><strong>L\u00e9onard LEGROS<\/strong><\/h2>\n<p style=\"text-align: center;\"><strong>Hippolyte LEGROS<\/strong><\/p>\n<p style=\"text-align: center;\"><strong>1851 \u2013 1895<\/strong><\/p>\n<p style=\"text-align: center;\"><img loading=\"lazy\" decoding=\"async\" class=\"\" title=\"\" src=\"https:\/\/lesmaconsdelacreuse.fr\/annuaire\/wp-content\/uploads\/2019\/07\/image1-1814.jpg\" alt=\"\" width=\"205\" height=\"136\" data-source-id=\"i.0\" data-asset-id=\"7051\" \/><\/p>\n<h4 style=\"text-align: center;\"><span style=\"color: #008000;\"><strong>ma\u00e7on<\/strong>; <strong>mar\u00e9chal des logis <\/strong>&#8211;<strong> brigadier de gendarmerie<\/strong><\/span><\/h4>\n<h4 style=\"text-align: center;\"><span style=\"color: #008000;\"><strong>\u00e9picier<\/strong>; <strong>convoyeur auxiliaire des Postes<\/strong><\/span><\/h4>\n<p style=\"text-align: center;\"><span style=\"color: #ffffff;\">\u25d9<\/span><\/p>\n<p style=\"text-align: center;\">n\u00e9 \u00e0 Augerolles (Saint-Pardoux-Lavaud)<\/p>\n<p style=\"text-align: center;\">le 26 d\u00e9cembre 1851<\/p>\n<p style=\"text-align: center;\">fils de<\/p>\n<p style=\"text-align: center;\">Jean LEGROS, <span style=\"color: #008000;\"><strong>ma\u00e7on<\/strong><\/span> et tailleur d\u2019habits<\/p>\n<p style=\"text-align: center;\">Fran\u00e7oise CHAPEAU, cultivatrice<\/p>\n<p style=\"text-align: center;\"><span style=\"color: #ffffff;\">\u25d9<\/span><\/p>\n<p><strong>En 1871<\/strong><em>, L\u00e9onard est <\/em><span style=\"color: #008000;\"><strong>ma\u00e7on<\/strong><\/span><em>.<\/em><\/p>\n<p><em>Il \u00e9pouse Cl\u00e9mentine <\/em><strong>BALAYRE<\/strong><em> le 24 f\u00e9vrier <\/em><strong>1877<\/strong><em> \u00e0 Saint-Martin-Ch\u00e2teau (contrat Va\u00efsse \u00e0 Bourganeuf). <\/em><\/p>\n<p><strong>En 1890<\/strong><em>, il est <\/em><span style=\"color: #008000;\"><strong>brigadier de gendarmerie<\/strong><\/span><em>, et les \u00e9poux habitent le bourg de La Courtine.<\/em><\/p>\n<p><strong>En 1893<\/strong><em>, ils sont \u00e0 <\/em><span style=\"color: #0000ff;\"><strong>Liginiac (19)<\/strong><\/span><em>, et L\u00e9onard est <\/em><span style=\"color: #008000;\"><strong>\u00e9picier<\/strong><\/span><em>.<\/em><\/p>\n<p><em>L\u00e9onard d\u00e9c\u00e8de, brigadier de gendarmerie en retraite, <\/em><strong><span style=\"color: #008000;\">convoyeur<\/span> <span style=\"color: #008000;\">auxiliaire des<\/span><\/strong><span style=\"color: #008000;\"> <strong>Postes<\/strong><\/span><em>, le 15 janvier <\/em><strong>1895<\/strong> <em>\u00e0 Ussel (19), \u00e2g\u00e9 de 43 ans.<\/em><\/p>\n","protected":false},"excerpt":{"rendered":"<p>Mis \u00e0 jour le : 29\/04\/2026L\u00e9onard LEGROS Hippolyte LEGROS 1851 \u2013 1895 ma\u00e7on; mar\u00e9chal des logis &#8211; brigadier de gendarmerie \u00e9picier; convoyeur auxiliaire des Postes \u25d9 n\u00e9 \u00e0 Augerolles (Saint-Pardoux-Lavaud) le 26 d\u00e9cembre 1851 fils de Jean LEGROS, ma\u00e7on et tailleur d\u2019habits Fran\u00e7oise CHAPEAU, cultivatrice \u25d9 En 1871, L\u00e9onard est ma\u00e7on. Il \u00e9pouse Cl\u00e9mentine BALAYRE ..<\/p>\n<div class=\"clear-fix\"><\/div>\n<p><a href=\"https:\/\/www.lesmaconsdelacreuse.fr\/annuaires\/lettre-l\/l_1045\/\" title=\"Lire la suite...\">Lire la suite<\/a><\/p>\n","protected":false},"author":6,"featured_media":0,"comment_status":"closed","ping_status":"closed","sticky":false,"template":"","format":"standard","meta":{"_acf_changed":false,"_exactmetrics_skip_tracking":false,"_exactmetrics_sitenote_active":false,"_exactmetrics_sitenote_note":"","_exactmetrics_sitenote_category":0,"footnotes":""},"categories":[19],"tags":[],"class_list":["post-7054","post","type-post","status-publish","format-standard","hentry","category-lettre-l"],"acf":[],"_links":{"self":[{"href":"https:\/\/www.lesmaconsdelacreuse.fr\/annuaires\/wp-json\/wp\/v2\/posts\/7054","targetHints":{"allow":["GET"]}}],"collection":[{"href":"https:\/\/www.lesmaconsdelacreuse.fr\/annuaires\/wp-json\/wp\/v2\/posts"}],"about":[{"href":"https:\/\/www.lesmaconsdelacreuse.fr\/annuaires\/wp-json\/wp\/v2\/types\/post"}],"author":[{"embeddable":true,"href":"https:\/\/www.lesmaconsdelacreuse.fr\/annuaires\/wp-json\/wp\/v2\/users\/6"}],"replies":[{"embeddable":true,"href":"https:\/\/www.lesmaconsdelacreuse.fr\/annuaires\/wp-json\/wp\/v2\/comments?post=7054"}],"version-history":[{"count":0,"href":"https:\/\/www.lesmaconsdelacreuse.fr\/annuaires\/wp-json\/wp\/v2\/posts\/7054\/revisions"}],"wp:attachment":[{"href":"https:\/\/www.lesmaconsdelacreuse.fr\/annuaires\/wp-json\/wp\/v2\/media?parent=7054"}],"wp:term":[{"taxonomy":"category","embeddable":true,"href":"https:\/\/www.lesmaconsdelacreuse.fr\/annuaires\/wp-json\/wp\/v2\/categories?post=7054"},{"taxonomy":"post_tag","embeddable":true,"href":"https:\/\/www.lesmaconsdelacreuse.fr\/annuaires\/wp-json\/wp\/v2\/tags?post=7054"}],"curies":[{"name":"wp","href":"https:\/\/api.w.org\/{rel}","templated":true}]}}