{"id":7068,"date":"2019-07-28T13:38:25","date_gmt":"2019-07-28T11:38:25","guid":{"rendered":"http:\/\/lesmaconsdelacreuse.fr\/annuaire\/?p=7068"},"modified":"2020-10-05T14:54:27","modified_gmt":"2020-10-05T12:54:27","slug":"l_1023","status":"publish","type":"post","link":"https:\/\/www.lesmaconsdelacreuse.fr\/annuaires\/lettre-l\/l_1023\/","title":{"rendered":"LEGROS Jean-Baptiste (1828-apr\u00e8s 1866)"},"content":{"rendered":"<p class=\"last-updated\"><strong>Mis \u00e0 jour le :<\/strong> 29\/04\/2026<\/p><h2 style=\"text-align: center;\"><strong>Jean-Baptiste LEGROS<\/strong><\/h2>\n<p style=\"text-align: center;\"><strong>Baptiste LEGROS<\/strong><\/p>\n<p style=\"text-align: center;\"><strong>1828 \u2013 apr\u00e8s 1866<\/strong><\/p>\n<p style=\"text-align: center;\"><img loading=\"lazy\" decoding=\"async\" class=\"\" title=\"\" src=\"https:\/\/lesmaconsdelacreuse.fr\/annuaire\/wp-content\/uploads\/2019\/07\/image1-107.png\" alt=\"\" width=\"175\" height=\"113\" data-source-id=\"i.0\" data-asset-id=\"7065\" \/><\/p>\n<h4 style=\"text-align: center;\"><span style=\"color: #008000;\"><strong>ma\u00e7on <\/strong>et<strong> <a href=\"https:\/\/www.lesmaconsdelacreuse.fr\/annuaires\/wp-content\/uploads\/2020\/07\/TAILLEUR-DE-PIERRE.png\">\u25ba <span style=\"color: #008000;\">tailleur de pierre<\/span><\/a><br \/>\n<\/strong><\/span><\/h4>\n<p>&nbsp;<\/p>\n<p style=\"text-align: center;\">n\u00e9 \u00e0 La Seauve (Saint-Martin-Ch\u00e2teau)<\/p>\n<p style=\"text-align: center;\">le 22 ao\u00fbt 1828<\/p>\n<p style=\"text-align: center;\">fils de<\/p>\n<p style=\"text-align: center;\">Barth\u00e9l\u00e9my LEGROS, <span style=\"color: #008000;\"><strong>ma\u00e7on <\/strong><\/span>et<span style=\"color: #008000;\"><strong> tailleur de pierre<\/strong><\/span><\/p>\n<p style=\"text-align: center;\">Anne PITANCE<\/p>\n<p style=\"text-align: center;\">propri\u00e9taires cultivateurs<\/p>\n<p style=\"text-align: center;\"><span style=\"color: #ffffff;\">\u25d9<\/span><\/p>\n<p><strong>En 1848<\/strong><em>, Jean-Baptiste est <\/em><span style=\"color: #008000;\"><strong>ma\u00e7on<\/strong><\/span><em>.<\/em><\/p>\n<p><strong>En 1852<\/strong><em>, il habite depuis plusieurs ann\u00e9es comme <\/em><span style=\"color: #008000;\"><strong>tailleur de pierre<\/strong><\/span><em> dans la commune de <\/em><span style=\"color: #0000ff;\"><strong>Ruelle-sur-Touvre (16)<\/strong><\/span><em>.<\/em><\/p>\n<p><em>Le 18 mai de la m\u00eame ann\u00e9e, il y \u00e9pouse Marie <\/em><strong>\u00c9GRON <\/strong><em>(mari\u00e9s sans contrat), et continue \u00e0 habiter Ruelle.<\/em><\/p>\n<p><strong>En 1866<\/strong><em>, veuf, il travaille \u00e0 <\/em><span style=\"color: #0000ff;\"><strong>Bordeaux (33)<\/strong><\/span><em> et loge 3, passage Moreau, avec son p\u00e8re.<\/em><\/p>\n<p><em>Le 26 avril de la m\u00eame ann\u00e9e, il \u00e9pouse \u00e0 Bordeaux Marthe <\/em><strong>RAVIS<\/strong><em>, cuisini\u00e8re originaire de Corr\u00e8ze.<\/em><\/p>\n<p>&nbsp;<\/p>\n","protected":false},"excerpt":{"rendered":"<p>Mis \u00e0 jour le : 29\/04\/2026Jean-Baptiste LEGROS Baptiste LEGROS 1828 \u2013 apr\u00e8s 1866 ma\u00e7on et \u25ba tailleur de pierre &nbsp; n\u00e9 \u00e0 La Seauve (Saint-Martin-Ch\u00e2teau) le 22 ao\u00fbt 1828 fils de Barth\u00e9l\u00e9my LEGROS, ma\u00e7on et tailleur de pierre Anne PITANCE propri\u00e9taires cultivateurs \u25d9 En 1848, Jean-Baptiste est ma\u00e7on. En 1852, il habite depuis plusieurs ann\u00e9es ..<\/p>\n<div class=\"clear-fix\"><\/div>\n<p><a href=\"https:\/\/www.lesmaconsdelacreuse.fr\/annuaires\/lettre-l\/l_1023\/\" title=\"Lire la suite...\">Lire la suite<\/a><\/p>\n","protected":false},"author":6,"featured_media":0,"comment_status":"closed","ping_status":"closed","sticky":false,"template":"","format":"standard","meta":{"_acf_changed":false,"_exactmetrics_skip_tracking":false,"_exactmetrics_sitenote_active":false,"_exactmetrics_sitenote_note":"","_exactmetrics_sitenote_category":0,"footnotes":""},"categories":[19],"tags":[],"class_list":["post-7068","post","type-post","status-publish","format-standard","hentry","category-lettre-l"],"acf":[],"_links":{"self":[{"href":"https:\/\/www.lesmaconsdelacreuse.fr\/annuaires\/wp-json\/wp\/v2\/posts\/7068","targetHints":{"allow":["GET"]}}],"collection":[{"href":"https:\/\/www.lesmaconsdelacreuse.fr\/annuaires\/wp-json\/wp\/v2\/posts"}],"about":[{"href":"https:\/\/www.lesmaconsdelacreuse.fr\/annuaires\/wp-json\/wp\/v2\/types\/post"}],"author":[{"embeddable":true,"href":"https:\/\/www.lesmaconsdelacreuse.fr\/annuaires\/wp-json\/wp\/v2\/users\/6"}],"replies":[{"embeddable":true,"href":"https:\/\/www.lesmaconsdelacreuse.fr\/annuaires\/wp-json\/wp\/v2\/comments?post=7068"}],"version-history":[{"count":0,"href":"https:\/\/www.lesmaconsdelacreuse.fr\/annuaires\/wp-json\/wp\/v2\/posts\/7068\/revisions"}],"wp:attachment":[{"href":"https:\/\/www.lesmaconsdelacreuse.fr\/annuaires\/wp-json\/wp\/v2\/media?parent=7068"}],"wp:term":[{"taxonomy":"category","embeddable":true,"href":"https:\/\/www.lesmaconsdelacreuse.fr\/annuaires\/wp-json\/wp\/v2\/categories?post=7068"},{"taxonomy":"post_tag","embeddable":true,"href":"https:\/\/www.lesmaconsdelacreuse.fr\/annuaires\/wp-json\/wp\/v2\/tags?post=7068"}],"curies":[{"name":"wp","href":"https:\/\/api.w.org\/{rel}","templated":true}]}}