{"id":7069,"date":"2019-07-28T13:38:25","date_gmt":"2019-07-28T11:38:25","guid":{"rendered":"http:\/\/lesmaconsdelacreuse.fr\/annuaire\/?p=7069"},"modified":"2020-01-20T11:28:08","modified_gmt":"2020-01-20T10:28:08","slug":"l_1069","status":"publish","type":"post","link":"https:\/\/www.lesmaconsdelacreuse.fr\/annuaires\/lettre-l\/l_1069\/","title":{"rendered":"LAQUAIS Joseph (1817-apr\u00e8s 1845)"},"content":{"rendered":"<p class=\"last-updated\"><strong>Mis \u00e0 jour le :<\/strong> 29\/04\/2026<\/p><h2 style=\"text-align: center;\"><strong>Joseph LAQUAIS<\/strong><\/h2>\n<p style=\"text-align: center;\"><strong>1817 \u2013 apr\u00e8s 1845<\/strong><\/p>\n<p style=\"text-align: center;\"><img decoding=\"async\" title=\"\" src=\"https:\/\/lesmaconsdelacreuse.fr\/annuaire\/wp-content\/uploads\/2019\/07\/image1-1820.jpg\" alt=\"\" data-source-id=\"i.0\" data-asset-id=\"7064\" \/><\/p>\n<h4 style=\"text-align: center;\"><span style=\"color: #008000;\"><strong>ma\u00e7on <\/strong>et<strong> cultivateur<\/strong><\/span><\/h4>\n<p style=\"text-align: center;\">n\u00e9 au bourg de Saint-Pierre-Ch\u00e2teau (87)<\/p>\n<p style=\"text-align: center;\">le 21 avril 1817<\/p>\n<p style=\"text-align: center;\">fils de<\/p>\n<p style=\"text-align: center;\">\u00c9tienne LAQUAIS \/ L\u00e9onarde MONCET<\/p>\n<p style=\"text-align: center;\">cultivateurs<\/p>\n<p style=\"text-align: center;\"><span style=\"color: #ffffff;\">\u25d9<\/span><\/p>\n<p><strong>En 1837<\/strong><em>, Joseph habite Arfeuille, commune de Saint-Junien-la-Breg\u00e8re, avec son p\u00e8re.<\/em><\/p>\n<p><em> Il \u00e9pouse Marguerite <\/em><strong>OLIVIER<\/strong><em> le 21 f\u00e9vrier <\/em><strong>1843<\/strong> <em>\u00e0 Saint-Junien (contrat Berger \u00e0 Bourganeuf). <\/em><\/p>\n<p><em>Ils habitent Arfeuille.<\/em><\/p>\n","protected":false},"excerpt":{"rendered":"<p>Mis \u00e0 jour le : 29\/04\/2026Joseph LAQUAIS 1817 \u2013 apr\u00e8s 1845 ma\u00e7on et cultivateur n\u00e9 au bourg de Saint-Pierre-Ch\u00e2teau (87) le 21 avril 1817 fils de \u00c9tienne LAQUAIS \/ L\u00e9onarde MONCET cultivateurs \u25d9 En 1837, Joseph habite Arfeuille, commune de Saint-Junien-la-Breg\u00e8re, avec son p\u00e8re. Il \u00e9pouse Marguerite OLIVIER le 21 f\u00e9vrier 1843 \u00e0 Saint-Junien (contrat ..<\/p>\n<div class=\"clear-fix\"><\/div>\n<p><a href=\"https:\/\/www.lesmaconsdelacreuse.fr\/annuaires\/lettre-l\/l_1069\/\" title=\"Lire la suite...\">Lire la suite<\/a><\/p>\n","protected":false},"author":6,"featured_media":0,"comment_status":"closed","ping_status":"closed","sticky":false,"template":"","format":"standard","meta":{"_acf_changed":false,"_exactmetrics_skip_tracking":false,"_exactmetrics_sitenote_active":false,"_exactmetrics_sitenote_note":"","_exactmetrics_sitenote_category":0,"footnotes":""},"categories":[19],"tags":[],"class_list":["post-7069","post","type-post","status-publish","format-standard","hentry","category-lettre-l"],"acf":[],"_links":{"self":[{"href":"https:\/\/www.lesmaconsdelacreuse.fr\/annuaires\/wp-json\/wp\/v2\/posts\/7069","targetHints":{"allow":["GET"]}}],"collection":[{"href":"https:\/\/www.lesmaconsdelacreuse.fr\/annuaires\/wp-json\/wp\/v2\/posts"}],"about":[{"href":"https:\/\/www.lesmaconsdelacreuse.fr\/annuaires\/wp-json\/wp\/v2\/types\/post"}],"author":[{"embeddable":true,"href":"https:\/\/www.lesmaconsdelacreuse.fr\/annuaires\/wp-json\/wp\/v2\/users\/6"}],"replies":[{"embeddable":true,"href":"https:\/\/www.lesmaconsdelacreuse.fr\/annuaires\/wp-json\/wp\/v2\/comments?post=7069"}],"version-history":[{"count":0,"href":"https:\/\/www.lesmaconsdelacreuse.fr\/annuaires\/wp-json\/wp\/v2\/posts\/7069\/revisions"}],"wp:attachment":[{"href":"https:\/\/www.lesmaconsdelacreuse.fr\/annuaires\/wp-json\/wp\/v2\/media?parent=7069"}],"wp:term":[{"taxonomy":"category","embeddable":true,"href":"https:\/\/www.lesmaconsdelacreuse.fr\/annuaires\/wp-json\/wp\/v2\/categories?post=7069"},{"taxonomy":"post_tag","embeddable":true,"href":"https:\/\/www.lesmaconsdelacreuse.fr\/annuaires\/wp-json\/wp\/v2\/tags?post=7069"}],"curies":[{"name":"wp","href":"https:\/\/api.w.org\/{rel}","templated":true}]}}