{"id":7070,"date":"2019-07-28T13:38:25","date_gmt":"2019-07-28T11:38:25","guid":{"rendered":"http:\/\/lesmaconsdelacreuse.fr\/annuaire\/?p=7070"},"modified":"2020-01-20T11:28:08","modified_gmt":"2020-01-20T10:28:08","slug":"l_1029","status":"publish","type":"post","link":"https:\/\/www.lesmaconsdelacreuse.fr\/annuaires\/lettre-l\/l_1029\/","title":{"rendered":"LEGROS Joseph (1746-entre 1797 et 1804)"},"content":{"rendered":"<p class=\"last-updated\"><strong>Mis \u00e0 jour le :<\/strong> 29\/04\/2026<\/p><h2 style=\"text-align: center;\"><strong>Joseph LEGROS<\/strong><\/h2>\n<p style=\"text-align: center;\"><strong>1746 \u2013 entre 1797 et 1804<\/strong><\/p>\n<p style=\"text-align: center;\"><img decoding=\"async\" title=\"\" src=\"https:\/\/lesmaconsdelacreuse.fr\/annuaire\/wp-content\/uploads\/2019\/07\/image1-1821.jpg\" alt=\"\" data-source-id=\"i.0\" data-asset-id=\"7066\" \/><\/p>\n<h4 style=\"text-align: center;\"><span style=\"color: #008000;\"><strong>ma\u00e7on <\/strong>et<strong> cultivateur<\/strong><\/span><\/h4>\n<p style=\"text-align: center;\">n\u00e9 \u00e0 Rubeyne (Roy\u00e8re)<\/p>\n<p style=\"text-align: center;\">le 1er novembre 1746<\/p>\n<p style=\"text-align: center;\">fils de<\/p>\n<p style=\"text-align: center;\">L\u00e9onard LEGROS, <span style=\"color: #008000;\"><strong>ma\u00e7on <\/strong><\/span><strong>\/ <\/strong>Catherine MEAUME<\/p>\n<p style=\"text-align: center;\"><span style=\"color: #ffffff;\">\u25d9<\/span><\/p>\n<p><em>Joseph \u00e9pouse L\u00e9onarde <\/em><strong>CONILLE<\/strong><em> le 24 janvier <\/em><strong>1769<\/strong> <em>\u00e0 Roy\u00e8re (contrat Coutisson). <\/em><\/p>\n<p><em>Ils habitent Rubeyne.<\/em><\/p>\n<p><strong>\u25ba<span style=\"color: #ff00ff;\"><a target=\"_blank\"style=\"color: #ff00ff;\" href=\"https:\/\/www.lesmaconsdelacreuse.fr\/annuaires\/\/wp-content\/uploads\/DOCUMENTS\/1786_-_Joseph_LEGROS_dans_la_Loire.pdf\">En 1786<\/a><\/span><\/strong><em>, Joseph charge son beau-fr\u00e8re Jean-Baptiste CONILLE, de r\u00e9cup\u00e9rer ce qui lui reste d\u00fb \u00e0 <\/em><span style=\"color: #0000ff;\"><strong>Cordelle (42)<\/strong><\/span><em> et \u00e0 Saint-Paul (plut\u00f4t <\/em><strong><span style=\"color: #0000ff;\">Saint-Polgues (42)<\/span><\/strong><em>).<\/em><\/p>\n<p><em>L\u00e9onarde d\u00e9c\u00e8de veuve \u00e0 Rubeyne le 9 d\u00e9cembre <\/em><strong>1820<\/strong><em>, \u00e2g\u00e9e de 65 ans.<\/em><\/p>\n","protected":false},"excerpt":{"rendered":"<p>Mis \u00e0 jour le : 29\/04\/2026Joseph LEGROS 1746 \u2013 entre 1797 et 1804 ma\u00e7on et cultivateur n\u00e9 \u00e0 Rubeyne (Roy\u00e8re) le 1er novembre 1746 fils de L\u00e9onard LEGROS, ma\u00e7on \/ Catherine MEAUME \u25d9 Joseph \u00e9pouse L\u00e9onarde CONILLE le 24 janvier 1769 \u00e0 Roy\u00e8re (contrat Coutisson). Ils habitent Rubeyne. \u25baEn 1786, Joseph charge son beau-fr\u00e8re Jean-Baptiste ..<\/p>\n<div class=\"clear-fix\"><\/div>\n<p><a href=\"https:\/\/www.lesmaconsdelacreuse.fr\/annuaires\/lettre-l\/l_1029\/\" title=\"Lire la suite...\">Lire la suite<\/a><\/p>\n","protected":false},"author":6,"featured_media":0,"comment_status":"closed","ping_status":"closed","sticky":false,"template":"","format":"standard","meta":{"_acf_changed":false,"_exactmetrics_skip_tracking":false,"_exactmetrics_sitenote_active":false,"_exactmetrics_sitenote_note":"","_exactmetrics_sitenote_category":0,"footnotes":""},"categories":[19],"tags":[],"class_list":["post-7070","post","type-post","status-publish","format-standard","hentry","category-lettre-l"],"acf":[],"_links":{"self":[{"href":"https:\/\/www.lesmaconsdelacreuse.fr\/annuaires\/wp-json\/wp\/v2\/posts\/7070","targetHints":{"allow":["GET"]}}],"collection":[{"href":"https:\/\/www.lesmaconsdelacreuse.fr\/annuaires\/wp-json\/wp\/v2\/posts"}],"about":[{"href":"https:\/\/www.lesmaconsdelacreuse.fr\/annuaires\/wp-json\/wp\/v2\/types\/post"}],"author":[{"embeddable":true,"href":"https:\/\/www.lesmaconsdelacreuse.fr\/annuaires\/wp-json\/wp\/v2\/users\/6"}],"replies":[{"embeddable":true,"href":"https:\/\/www.lesmaconsdelacreuse.fr\/annuaires\/wp-json\/wp\/v2\/comments?post=7070"}],"version-history":[{"count":0,"href":"https:\/\/www.lesmaconsdelacreuse.fr\/annuaires\/wp-json\/wp\/v2\/posts\/7070\/revisions"}],"wp:attachment":[{"href":"https:\/\/www.lesmaconsdelacreuse.fr\/annuaires\/wp-json\/wp\/v2\/media?parent=7070"}],"wp:term":[{"taxonomy":"category","embeddable":true,"href":"https:\/\/www.lesmaconsdelacreuse.fr\/annuaires\/wp-json\/wp\/v2\/categories?post=7070"},{"taxonomy":"post_tag","embeddable":true,"href":"https:\/\/www.lesmaconsdelacreuse.fr\/annuaires\/wp-json\/wp\/v2\/tags?post=7070"}],"curies":[{"name":"wp","href":"https:\/\/api.w.org\/{rel}","templated":true}]}}