{"id":7072,"date":"2019-07-28T13:38:26","date_gmt":"2019-07-28T11:38:26","guid":{"rendered":"http:\/\/lesmaconsdelacreuse.fr\/annuaire\/?p=7072"},"modified":"2020-10-03T13:47:19","modified_gmt":"2020-10-03T11:47:19","slug":"l_1085","status":"publish","type":"post","link":"https:\/\/www.lesmaconsdelacreuse.fr\/annuaires\/lettre-l\/l_1085\/","title":{"rendered":"LELARGE Fran\u00e7ois (1815-1879)"},"content":{"rendered":"<p class=\"last-updated\"><strong>Mis \u00e0 jour le :<\/strong> 29\/04\/2026<\/p><h2 style=\"text-align: center;\"><strong>Fran\u00e7ois LELARGE<\/strong><\/h2>\n<p style=\"text-align: center;\"><strong>1815 \u2013 1879<\/strong><\/p>\n<p style=\"text-align: center;\"><img decoding=\"async\" title=\"\" src=\"https:\/\/lesmaconsdelacreuse.fr\/annuaire\/wp-content\/uploads\/2019\/07\/image1-1822.jpg\" alt=\"\" data-source-id=\"i.0\" data-asset-id=\"7071\" \/><\/p>\n<h4 style=\"text-align: center;\"><span style=\"color: #008000;\"><strong>ma\u00e7on <\/strong>et<strong> cultivateur<\/strong><\/span><\/h4>\n<p>&nbsp;<\/p>\n<p style=\"text-align: center;\">n\u00e9 \u00e0 Langladure (Roy\u00e8re)<\/p>\n<p style=\"text-align: center;\">le 28 novembre 1815, <em>selon \u25ba<a href=\"https:\/\/www.lesmaconsdelacreuse.fr\/annuaires\/wp-content\/uploads\/2019\/08\/ACTE-DE-NOTORI\u00c9T\u00c9.png\" target=\"_blank\" rel=\"noopener noreferrer\">acte de notori\u00e9t\u00e9<\/a><br \/>\n<\/em><\/p>\n<p style=\"text-align: center;\">fils de<\/p>\n<p style=\"text-align: center;\">L\u00e9onard LELARGE, <span style=\"color: #008000;\"><strong>ma\u00e7on <\/strong><\/span>et \u25ba<a href=\"https:\/\/www.lesmaconsdelacreuse.fr\/annuaires\/wp-content\/uploads\/2020\/08\/SCIEUR-DE-LONG.png\" target=\"_blank\" rel=\"noopener noreferrer\">scieur de long<\/a><\/p>\n<p style=\"text-align: center;\">Marie CHAROT<\/p>\n<p style=\"text-align: center;\">propri\u00e9taires cultivateurs<\/p>\n<p style=\"text-align: center;\"><span style=\"color: #ffffff;\">\u25d9<\/span><\/p>\n<p><strong>En 1836<\/strong><em>, il travaille \u00e0 <\/em><strong><span style=\"color: #0000ff;\">Ch\u00e2teauneuf (16)<\/span>\u00a0<\/strong><em>; il est dispens\u00e9 de service militaire pour faiblesse.<\/em><\/p>\n<p><em>Fran\u00e7ois \u00e9pouse Marie <\/em><strong>TOTY<\/strong><em> le 23 janvier <\/em><strong>1838<\/strong><em> \u00e0 Roy\u00e8re. Ils habitent Langladure, puis Le Picq.<\/em><\/p>\n<p><em>Ils d\u00e9c\u00e8dent au Picq\u00a0: <\/em><\/p>\n<ul>\n<li><em>Fran\u00e7ois, le 1er d\u00e9cembre <\/em><strong>1879<\/strong><em><strong>,<\/strong> \u00e2g\u00e9 de 64 ans<\/em><\/li>\n<li><em>Marie, le 9 d\u00e9cembre <\/em><strong>1911<\/strong>,<em> \u00e2g\u00e9e de 94 ans<\/em><\/li>\n<\/ul>\n<p>&nbsp;<\/p>\n","protected":false},"excerpt":{"rendered":"<p>Mis \u00e0 jour le : 29\/04\/2026Fran\u00e7ois LELARGE 1815 \u2013 1879 ma\u00e7on et cultivateur &nbsp; n\u00e9 \u00e0 Langladure (Roy\u00e8re) le 28 novembre 1815, selon \u25baacte de notori\u00e9t\u00e9 fils de L\u00e9onard LELARGE, ma\u00e7on et \u25bascieur de long Marie CHAROT propri\u00e9taires cultivateurs \u25d9 En 1836, il travaille \u00e0 Ch\u00e2teauneuf (16)\u00a0; il est dispens\u00e9 de service militaire pour faiblesse. ..<\/p>\n<div class=\"clear-fix\"><\/div>\n<p><a href=\"https:\/\/www.lesmaconsdelacreuse.fr\/annuaires\/lettre-l\/l_1085\/\" title=\"Lire la suite...\">Lire la suite<\/a><\/p>\n","protected":false},"author":6,"featured_media":0,"comment_status":"closed","ping_status":"closed","sticky":false,"template":"","format":"standard","meta":{"_acf_changed":false,"_exactmetrics_skip_tracking":false,"_exactmetrics_sitenote_active":false,"_exactmetrics_sitenote_note":"","_exactmetrics_sitenote_category":0,"footnotes":""},"categories":[19],"tags":[],"class_list":["post-7072","post","type-post","status-publish","format-standard","hentry","category-lettre-l"],"acf":[],"_links":{"self":[{"href":"https:\/\/www.lesmaconsdelacreuse.fr\/annuaires\/wp-json\/wp\/v2\/posts\/7072","targetHints":{"allow":["GET"]}}],"collection":[{"href":"https:\/\/www.lesmaconsdelacreuse.fr\/annuaires\/wp-json\/wp\/v2\/posts"}],"about":[{"href":"https:\/\/www.lesmaconsdelacreuse.fr\/annuaires\/wp-json\/wp\/v2\/types\/post"}],"author":[{"embeddable":true,"href":"https:\/\/www.lesmaconsdelacreuse.fr\/annuaires\/wp-json\/wp\/v2\/users\/6"}],"replies":[{"embeddable":true,"href":"https:\/\/www.lesmaconsdelacreuse.fr\/annuaires\/wp-json\/wp\/v2\/comments?post=7072"}],"version-history":[{"count":0,"href":"https:\/\/www.lesmaconsdelacreuse.fr\/annuaires\/wp-json\/wp\/v2\/posts\/7072\/revisions"}],"wp:attachment":[{"href":"https:\/\/www.lesmaconsdelacreuse.fr\/annuaires\/wp-json\/wp\/v2\/media?parent=7072"}],"wp:term":[{"taxonomy":"category","embeddable":true,"href":"https:\/\/www.lesmaconsdelacreuse.fr\/annuaires\/wp-json\/wp\/v2\/categories?post=7072"},{"taxonomy":"post_tag","embeddable":true,"href":"https:\/\/www.lesmaconsdelacreuse.fr\/annuaires\/wp-json\/wp\/v2\/tags?post=7072"}],"curies":[{"name":"wp","href":"https:\/\/api.w.org\/{rel}","templated":true}]}}