{"id":7074,"date":"2019-07-28T13:38:26","date_gmt":"2019-07-28T11:38:26","guid":{"rendered":"http:\/\/lesmaconsdelacreuse.fr\/annuaire\/?p=7074"},"modified":"2022-06-06T18:15:37","modified_gmt":"2022-06-06T16:15:37","slug":"l_1082","status":"publish","type":"post","link":"https:\/\/www.lesmaconsdelacreuse.fr\/annuaires\/lettre-l\/l_1082\/","title":{"rendered":"LELARGE Denis Julien (1885-1960)"},"content":{"rendered":"<p class=\"last-updated\"><strong>Mis \u00e0 jour le :<\/strong> 29\/04\/2026<\/p><h2 style=\"text-align: center;\"><strong>Denis Julien LELARGE<\/strong><\/h2>\n<p style=\"text-align: center;\"><strong>1885 \u2013 1960<\/strong><\/p>\n<p><a href=\"https:\/\/www.lesmaconsdelacreuse.fr\/annuaires\/wp-content\/uploads\/2019\/07\/LELARGE-Denis-Jukien-1885.jpg\"><img loading=\"lazy\" decoding=\"async\" class=\"size-full wp-image-200005 aligncenter\" src=\"https:\/\/www.lesmaconsdelacreuse.fr\/annuaires\/wp-content\/uploads\/2019\/07\/LELARGE-Denis-Jukien-1885.jpg\" alt=\"\" width=\"99\" height=\"67\" srcset=\"https:\/\/www.lesmaconsdelacreuse.fr\/annuaires\/wp-content\/uploads\/2019\/07\/LELARGE-Denis-Jukien-1885.jpg 99w, https:\/\/www.lesmaconsdelacreuse.fr\/annuaires\/wp-content\/uploads\/2019\/07\/LELARGE-Denis-Jukien-1885-16x12.jpg 16w\" sizes=\"auto, (max-width: 99px) 100vw, 99px\" \/><\/a><\/p>\n<h4 style=\"text-align: center;\"><span style=\"color: #008000;\"><strong>ma\u00e7on<\/strong><\/span><\/h4>\n<p style=\"text-align: center;\">n\u00e9 \u00e0 Lyon 2e<\/p>\n<p style=\"text-align: center;\">le 27 ao\u00fbt 1885<\/p>\n<p style=\"text-align: center;\">fils de<\/p>\n<p style=\"text-align: center;\">L\u00e9onard LELARGE,<span style=\"color: #008000;\"> <strong>entrepreneur en ma\u00e7onnerie<\/strong><\/span><\/p>\n<p style=\"text-align: center;\">\u00c9milie Jos\u00e9phine FAUFINGUE<\/p>\n<p style=\"text-align: center;\"><span style=\"color: #ffffff;\">\u25d9<\/span><\/p>\n<p><strong>En 1905<\/strong><em>, Denis habite Roy\u00e8re. <\/em><\/p>\n<p><strong>En 1910<\/strong><em><strong>,<\/strong> il travaille \u00e0 <\/em><span style=\"color: #0000ff;\"><strong>Lyon (69)<\/strong><\/span><em>, et loge 3, rue de la Fraternit\u00e9.<\/em><\/p>\n<p><strong>En 1911<\/strong><em>, il habite <\/em><span style=\"color: #0000ff;\"><strong>Paris (75)<\/strong><\/span><em>, 55, boulevard Vaugirard, puis 66, boulevard Pasteur, 15e arrondissement\u00a0.<\/em><\/p>\n<p><em> Il \u00e9pouse Anna <\/em><strong>JALONNEIX<\/strong><em> le 17 janvier <\/em><strong>1920<\/strong><em> \u00e0 Paris 14e. <\/em><\/p>\n<p><strong>En 1921<\/strong><em>, ils habitent 23, passage des Thermopyles. <\/em><\/p>\n<p><em>Denis d\u00e9c\u00e8de le 4 mars <\/em><strong>1960<\/strong> <em>\u00e0 <\/em><span style=\"color: #0000ff;\"><strong>Villiers-sur-Marne (02)<\/strong><\/span><em>, \u00e2g\u00e9 de 74 ans.<\/em><\/p>\n","protected":false},"excerpt":{"rendered":"<p>Mis \u00e0 jour le : 29\/04\/2026Denis Julien LELARGE 1885 \u2013 1960 ma\u00e7on n\u00e9 \u00e0 Lyon 2e le 27 ao\u00fbt 1885 fils de L\u00e9onard LELARGE, entrepreneur en ma\u00e7onnerie \u00c9milie Jos\u00e9phine FAUFINGUE \u25d9 En 1905, Denis habite Roy\u00e8re. En 1910, il travaille \u00e0 Lyon (69), et loge 3, rue de la Fraternit\u00e9. En 1911, il habite Paris ..<\/p>\n<div class=\"clear-fix\"><\/div>\n<p><a href=\"https:\/\/www.lesmaconsdelacreuse.fr\/annuaires\/lettre-l\/l_1082\/\" title=\"Lire la suite...\">Lire la suite<\/a><\/p>\n","protected":false},"author":6,"featured_media":0,"comment_status":"closed","ping_status":"closed","sticky":false,"template":"","format":"standard","meta":{"_acf_changed":false,"_exactmetrics_skip_tracking":false,"_exactmetrics_sitenote_active":false,"_exactmetrics_sitenote_note":"","_exactmetrics_sitenote_category":0,"footnotes":""},"categories":[19],"tags":[],"class_list":["post-7074","post","type-post","status-publish","format-standard","hentry","category-lettre-l"],"acf":[],"_links":{"self":[{"href":"https:\/\/www.lesmaconsdelacreuse.fr\/annuaires\/wp-json\/wp\/v2\/posts\/7074","targetHints":{"allow":["GET"]}}],"collection":[{"href":"https:\/\/www.lesmaconsdelacreuse.fr\/annuaires\/wp-json\/wp\/v2\/posts"}],"about":[{"href":"https:\/\/www.lesmaconsdelacreuse.fr\/annuaires\/wp-json\/wp\/v2\/types\/post"}],"author":[{"embeddable":true,"href":"https:\/\/www.lesmaconsdelacreuse.fr\/annuaires\/wp-json\/wp\/v2\/users\/6"}],"replies":[{"embeddable":true,"href":"https:\/\/www.lesmaconsdelacreuse.fr\/annuaires\/wp-json\/wp\/v2\/comments?post=7074"}],"version-history":[{"count":1,"href":"https:\/\/www.lesmaconsdelacreuse.fr\/annuaires\/wp-json\/wp\/v2\/posts\/7074\/revisions"}],"predecessor-version":[{"id":200006,"href":"https:\/\/www.lesmaconsdelacreuse.fr\/annuaires\/wp-json\/wp\/v2\/posts\/7074\/revisions\/200006"}],"wp:attachment":[{"href":"https:\/\/www.lesmaconsdelacreuse.fr\/annuaires\/wp-json\/wp\/v2\/media?parent=7074"}],"wp:term":[{"taxonomy":"category","embeddable":true,"href":"https:\/\/www.lesmaconsdelacreuse.fr\/annuaires\/wp-json\/wp\/v2\/categories?post=7074"},{"taxonomy":"post_tag","embeddable":true,"href":"https:\/\/www.lesmaconsdelacreuse.fr\/annuaires\/wp-json\/wp\/v2\/tags?post=7074"}],"curies":[{"name":"wp","href":"https:\/\/api.w.org\/{rel}","templated":true}]}}