{"id":7083,"date":"2019-07-28T13:38:24","date_gmt":"2019-07-28T11:38:24","guid":{"rendered":"http:\/\/lesmaconsdelacreuse.fr\/annuaire\/?p=7083"},"modified":"2020-01-20T11:28:09","modified_gmt":"2020-01-20T10:28:09","slug":"l_976","status":"publish","type":"post","link":"https:\/\/www.lesmaconsdelacreuse.fr\/annuaires\/lettre-l\/l_976\/","title":{"rendered":"LEGRAS Val\u00e9ry (1863-1945)"},"content":{"rendered":"<p class=\"last-updated\"><strong>Mis \u00e0 jour le :<\/strong> 29\/04\/2026<\/p><h2 style=\"text-align: center;\"><strong>Val\u00e9ry LEGRAS<\/strong><\/h2>\n<p style=\"text-align: center;\"><strong>1863 \u2013 1945<\/strong><\/p>\n<p style=\"text-align: center;\"><img decoding=\"async\" title=\"\" src=\"https:\/\/lesmaconsdelacreuse.fr\/annuaire\/wp-content\/uploads\/2019\/07\/image1-1827.jpg\" alt=\"\" data-source-id=\"i.0\" data-asset-id=\"7080\" \/><\/p>\n<h4 style=\"text-align: center;\"><span style=\"color: #008000;\"><strong>ma\u00e7on <\/strong>et<strong> cultivateur<\/strong><\/span><\/h4>\n<p style=\"text-align: center;\">n\u00e9 \u00e0 Colombeix (Saint-Amand-Jartoudeix)<\/p>\n<p style=\"text-align: center;\">le 14 ao\u00fbt 1863<\/p>\n<p style=\"text-align: center;\">fils de<\/p>\n<p style=\"text-align: center;\">Fran\u00e7ois LEGRAS \/ Marie LUMY<\/p>\n<p style=\"text-align: center;\">cultivateurs<\/p>\n<p style=\"text-align: center;\"><span style=\"color: #ffffff;\">\u25d9<\/span><\/p>\n<p><strong>En 1884<\/strong><em>, lors du conseil de r\u00e9vision, Val\u00e9ry est dispens\u00e9 de service militaire comme fils a\u00een\u00e9 de veuve.<\/em><\/p>\n<p><strong>En 1887<\/strong><em>, il travaille \u00e0 <\/em><span style=\"color: #0000ff;\"><strong>Paris (75)<\/strong><\/span><em>, et loge\u00a0 20, rue Rousset<\/em><\/p>\n<p><em>Il \u00e9pouse Marie <\/em><strong>LEYLAVERGNE<\/strong><em> le 23 f\u00e9vrier <\/em><strong>1889<\/strong><em> \u00e0 Saint-Moreil (contrat Raphanaud \u00e0 Bourganeuf). Ils habitent Colombeix, commune de Saint-Amand, puis Saint-Junien-la-Breg\u00e8re. <\/em><\/p>\n<p><em>Val\u00e9ry continue \u00e0 travailler \u00e0 Paris et habite\u00a0:<\/em><\/p>\n<p>En mai 1889<em>, 18, rue Turgot.<\/em><\/p>\n<p><strong>En 1890<\/strong><em>, il est \u00e0 <\/em><span style=\"color: #0000ff;\"><strong>Saint-Mand\u00e9 (94)<\/strong><\/span><em>, 1, rue de la Grange\u00a0;<\/em><\/p>\n<p><strong>en 1892<\/strong><em>, de nouveau \u00e0 Paris, 127, rue des Dames.<\/em><\/p>\n<p><strong>En 1896<\/strong><em>, il est encore \u00e0 Paris. <\/em><\/p>\n<p><strong>En 1898<\/strong><em><strong>,<\/strong> il est r\u00e9form\u00e9 pour taie centrale de la corn\u00e9e droite.<\/em><\/p>\n<p><em>Les \u00e9poux d\u00e9c\u00e8dent\u00a0:<\/em><\/p>\n<ul>\n<li><em>Val\u00e9ry, \u00e0 Colombeix, le 31 octobre <\/em><strong>1945<\/strong><em>, \u00e2g\u00e9 de 82 ans<\/em><\/li>\n<li><em>Marie, \u00e0 La Cour-de-Magnat, commune de Montboucher, le 8 mai <\/em><strong>1955<\/strong>,<em> \u00e2g\u00e9e de 86 ans<\/em><\/li>\n<\/ul>\n","protected":false},"excerpt":{"rendered":"<p>Mis \u00e0 jour le : 29\/04\/2026Val\u00e9ry LEGRAS 1863 \u2013 1945 ma\u00e7on et cultivateur n\u00e9 \u00e0 Colombeix (Saint-Amand-Jartoudeix) le 14 ao\u00fbt 1863 fils de Fran\u00e7ois LEGRAS \/ Marie LUMY cultivateurs \u25d9 En 1884, lors du conseil de r\u00e9vision, Val\u00e9ry est dispens\u00e9 de service militaire comme fils a\u00een\u00e9 de veuve. En 1887, il travaille \u00e0 Paris (75), ..<\/p>\n<div class=\"clear-fix\"><\/div>\n<p><a href=\"https:\/\/www.lesmaconsdelacreuse.fr\/annuaires\/lettre-l\/l_976\/\" title=\"Lire la suite...\">Lire la suite<\/a><\/p>\n","protected":false},"author":6,"featured_media":0,"comment_status":"closed","ping_status":"closed","sticky":false,"template":"","format":"standard","meta":{"_acf_changed":false,"_exactmetrics_skip_tracking":false,"_exactmetrics_sitenote_active":false,"_exactmetrics_sitenote_note":"","_exactmetrics_sitenote_category":0,"footnotes":""},"categories":[19],"tags":[],"class_list":["post-7083","post","type-post","status-publish","format-standard","hentry","category-lettre-l"],"acf":[],"_links":{"self":[{"href":"https:\/\/www.lesmaconsdelacreuse.fr\/annuaires\/wp-json\/wp\/v2\/posts\/7083","targetHints":{"allow":["GET"]}}],"collection":[{"href":"https:\/\/www.lesmaconsdelacreuse.fr\/annuaires\/wp-json\/wp\/v2\/posts"}],"about":[{"href":"https:\/\/www.lesmaconsdelacreuse.fr\/annuaires\/wp-json\/wp\/v2\/types\/post"}],"author":[{"embeddable":true,"href":"https:\/\/www.lesmaconsdelacreuse.fr\/annuaires\/wp-json\/wp\/v2\/users\/6"}],"replies":[{"embeddable":true,"href":"https:\/\/www.lesmaconsdelacreuse.fr\/annuaires\/wp-json\/wp\/v2\/comments?post=7083"}],"version-history":[{"count":0,"href":"https:\/\/www.lesmaconsdelacreuse.fr\/annuaires\/wp-json\/wp\/v2\/posts\/7083\/revisions"}],"wp:attachment":[{"href":"https:\/\/www.lesmaconsdelacreuse.fr\/annuaires\/wp-json\/wp\/v2\/media?parent=7083"}],"wp:term":[{"taxonomy":"category","embeddable":true,"href":"https:\/\/www.lesmaconsdelacreuse.fr\/annuaires\/wp-json\/wp\/v2\/categories?post=7083"},{"taxonomy":"post_tag","embeddable":true,"href":"https:\/\/www.lesmaconsdelacreuse.fr\/annuaires\/wp-json\/wp\/v2\/tags?post=7083"}],"curies":[{"name":"wp","href":"https:\/\/api.w.org\/{rel}","templated":true}]}}