{"id":7089,"date":"2019-07-28T13:38:24","date_gmt":"2019-07-28T11:38:24","guid":{"rendered":"http:\/\/lesmaconsdelacreuse.fr\/annuaire\/?p=7089"},"modified":"2020-01-20T11:28:09","modified_gmt":"2020-01-20T10:28:09","slug":"l_1011","status":"publish","type":"post","link":"https:\/\/www.lesmaconsdelacreuse.fr\/annuaires\/lettre-l\/l_1011\/","title":{"rendered":"LEGROS Jean (vers 1728-apr\u00e8s 1797)"},"content":{"rendered":"<p class=\"last-updated\"><strong>Mis \u00e0 jour le :<\/strong> 29\/04\/2026<\/p><h2 style=\"text-align: center;\"><strong>Jean LEGROS<\/strong><\/h2>\n<p style=\"text-align: center;\"><strong>vers 1728 \u2013 apr\u00e8s 1797<\/strong><\/p>\n<p style=\"text-align: center;\"><img decoding=\"async\" title=\"\" src=\"https:\/\/lesmaconsdelacreuse.fr\/annuaire\/wp-content\/uploads\/2019\/07\/image1-1829.jpg\" alt=\"\" data-source-id=\"i.0\" data-asset-id=\"7088\" \/><\/p>\n<h4 style=\"text-align: center;\"><span style=\"color: #008000;\"><strong>ma\u00e7on <\/strong>et<strong> laboureur<\/strong><\/span><\/h4>\n<p style=\"text-align: center;\">n\u00e9 \u00e0 La Vedrenne (Saint-Pardoux-Lavaud)\u00a0?<\/p>\n<p style=\"text-align: center;\">vers 1728<\/p>\n<p style=\"text-align: center;\">fils de<\/p>\n<p style=\"text-align: center;\">L\u00e9onard LEGROS \/ Marie GAY<\/p>\n<p style=\"text-align: center;\">laboureurs<\/p>\n<p style=\"text-align: center;\"><span style=\"color: #ffffff;\">\u25d9<\/span><\/p>\n<p><em>Jean \u00e9pouse L\u00e9onarde <\/em><strong>PAULET<\/strong><em> le 25 f\u00e9vrier <\/em><strong>1743<\/strong><em> \u00e0 Morterolles (contrat Mian de Peyrat pass\u00e9 \u00e0 La Vedrenne). <\/em><\/p>\n<p><em>Ils habitent Le Picq, paroisse de Morterolles, puis Le Mas, paroisse de Roy\u00e8re, o\u00f9 d\u00e9c\u00e8de L\u00e9onarde le 4 octobre <\/em><strong>1775<\/strong><em>, \u00e2g\u00e9e de 47 ans environ. <\/em><\/p>\n<p>\u25ba<a target=\"_blank\"href=\"https:\/\/www.lesmaconsdelacreuse.fr\/annuaires\/\/wp-content\/uploads\/DOCUMENTS\/1797_-_Pierre_LEDUC_et_Jean_LEGROS_a_Bordeaux.pdf\"><strong><span style=\"color: #ff00ff;\">En 1797<\/span><\/strong><\/a>,<em> Jean est rentr\u00e9 \u00e0 La Vedrenne, mais poss\u00e8de une maison \u00e0 <\/em><span style=\"color: #0000ff;\"><strong>Bordeaux (33)<\/strong><\/span><em>, rue Bussi\u00e8re, dont il touche le loyer. <\/em><\/p>\n","protected":false},"excerpt":{"rendered":"<p>Mis \u00e0 jour le : 29\/04\/2026Jean LEGROS vers 1728 \u2013 apr\u00e8s 1797 ma\u00e7on et laboureur n\u00e9 \u00e0 La Vedrenne (Saint-Pardoux-Lavaud)\u00a0? vers 1728 fils de L\u00e9onard LEGROS \/ Marie GAY laboureurs \u25d9 Jean \u00e9pouse L\u00e9onarde PAULET le 25 f\u00e9vrier 1743 \u00e0 Morterolles (contrat Mian de Peyrat pass\u00e9 \u00e0 La Vedrenne). Ils habitent Le Picq, paroisse de ..<\/p>\n<div class=\"clear-fix\"><\/div>\n<p><a href=\"https:\/\/www.lesmaconsdelacreuse.fr\/annuaires\/lettre-l\/l_1011\/\" title=\"Lire la suite...\">Lire la suite<\/a><\/p>\n","protected":false},"author":6,"featured_media":0,"comment_status":"closed","ping_status":"closed","sticky":false,"template":"","format":"standard","meta":{"_acf_changed":false,"_exactmetrics_skip_tracking":false,"_exactmetrics_sitenote_active":false,"_exactmetrics_sitenote_note":"","_exactmetrics_sitenote_category":0,"footnotes":""},"categories":[19],"tags":[],"class_list":["post-7089","post","type-post","status-publish","format-standard","hentry","category-lettre-l"],"acf":[],"_links":{"self":[{"href":"https:\/\/www.lesmaconsdelacreuse.fr\/annuaires\/wp-json\/wp\/v2\/posts\/7089","targetHints":{"allow":["GET"]}}],"collection":[{"href":"https:\/\/www.lesmaconsdelacreuse.fr\/annuaires\/wp-json\/wp\/v2\/posts"}],"about":[{"href":"https:\/\/www.lesmaconsdelacreuse.fr\/annuaires\/wp-json\/wp\/v2\/types\/post"}],"author":[{"embeddable":true,"href":"https:\/\/www.lesmaconsdelacreuse.fr\/annuaires\/wp-json\/wp\/v2\/users\/6"}],"replies":[{"embeddable":true,"href":"https:\/\/www.lesmaconsdelacreuse.fr\/annuaires\/wp-json\/wp\/v2\/comments?post=7089"}],"version-history":[{"count":0,"href":"https:\/\/www.lesmaconsdelacreuse.fr\/annuaires\/wp-json\/wp\/v2\/posts\/7089\/revisions"}],"wp:attachment":[{"href":"https:\/\/www.lesmaconsdelacreuse.fr\/annuaires\/wp-json\/wp\/v2\/media?parent=7089"}],"wp:term":[{"taxonomy":"category","embeddable":true,"href":"https:\/\/www.lesmaconsdelacreuse.fr\/annuaires\/wp-json\/wp\/v2\/categories?post=7089"},{"taxonomy":"post_tag","embeddable":true,"href":"https:\/\/www.lesmaconsdelacreuse.fr\/annuaires\/wp-json\/wp\/v2\/tags?post=7089"}],"curies":[{"name":"wp","href":"https:\/\/api.w.org\/{rel}","templated":true}]}}