{"id":7092,"date":"2019-07-28T13:38:24","date_gmt":"2019-07-28T11:38:24","guid":{"rendered":"http:\/\/lesmaconsdelacreuse.fr\/annuaire\/?p=7092"},"modified":"2020-01-20T11:28:09","modified_gmt":"2020-01-20T10:28:09","slug":"l_1060","status":"publish","type":"post","link":"https:\/\/www.lesmaconsdelacreuse.fr\/annuaires\/lettre-l\/l_1060\/","title":{"rendered":"LEGROS Ren\u00e9 Albert (1910-apr\u00e8s 1935)"},"content":{"rendered":"<p class=\"last-updated\"><strong>Mis \u00e0 jour le :<\/strong> 29\/04\/2026<\/p><h2 style=\"text-align: center;\"><strong>Ren\u00e9 Albert LEGROS<\/strong><\/h2>\n<p style=\"text-align: center;\"><strong>Ren\u00e9 LEGROS<\/strong><\/p>\n<p style=\"text-align: center;\"><strong>1910 \u2013 apr\u00e8s 1935<\/strong><\/p>\n<p style=\"text-align: center;\"><img decoding=\"async\" title=\"\" src=\"https:\/\/lesmaconsdelacreuse.fr\/annuaire\/wp-content\/uploads\/2019\/07\/image1-1830.jpg\" alt=\"\" data-source-id=\"i.0\" data-asset-id=\"7090\" \/><\/p>\n<h4 style=\"text-align: center;\"><span style=\"color: #008000;\"><strong>ma\u00e7on<\/strong><\/span><\/h4>\n<p style=\"text-align: center;\">n\u00e9 \u00e0 Pierrefitte (Beaumont \u2013 87)<\/p>\n<p style=\"text-align: center;\">le 22 novembre 1910<\/p>\n<p style=\"text-align: center;\">fils de<\/p>\n<p style=\"text-align: center;\">Gabriel LEGROS \/ Valentine CARRY<\/p>\n<p style=\"text-align: center;\">cultivateurs<\/p>\n<p style=\"text-align: center;\"><span style=\"color: #ffffff;\">\u25d9<\/span><\/p>\n<p><strong>D\u00e9but 1935<\/strong><em>, Ren\u00e9 habite Pierrefitte, avec ses parents.<\/em><\/p>\n<p><em>Le 25 mai de la m\u00eame ann\u00e9e, il \u00e9pouse Marie <\/em><strong>DEBERNARD<\/strong><em>\u00a0\u00e0 Roy\u00e8re (mari\u00e9s sans contrat).<\/em><\/p>\n<p><em> Ils habitent Le Mazeau, commune de Roy\u00e8re. <\/em><\/p>\n","protected":false},"excerpt":{"rendered":"<p>Mis \u00e0 jour le : 29\/04\/2026Ren\u00e9 Albert LEGROS Ren\u00e9 LEGROS 1910 \u2013 apr\u00e8s 1935 ma\u00e7on n\u00e9 \u00e0 Pierrefitte (Beaumont \u2013 87) le 22 novembre 1910 fils de Gabriel LEGROS \/ Valentine CARRY cultivateurs \u25d9 D\u00e9but 1935, Ren\u00e9 habite Pierrefitte, avec ses parents. Le 25 mai de la m\u00eame ann\u00e9e, il \u00e9pouse Marie DEBERNARD\u00a0\u00e0 Roy\u00e8re (mari\u00e9s ..<\/p>\n<div class=\"clear-fix\"><\/div>\n<p><a href=\"https:\/\/www.lesmaconsdelacreuse.fr\/annuaires\/lettre-l\/l_1060\/\" title=\"Lire la suite...\">Lire la suite<\/a><\/p>\n","protected":false},"author":6,"featured_media":0,"comment_status":"closed","ping_status":"closed","sticky":false,"template":"","format":"standard","meta":{"_acf_changed":false,"_exactmetrics_skip_tracking":false,"_exactmetrics_sitenote_active":false,"_exactmetrics_sitenote_note":"","_exactmetrics_sitenote_category":0,"footnotes":""},"categories":[19],"tags":[],"class_list":["post-7092","post","type-post","status-publish","format-standard","hentry","category-lettre-l"],"acf":[],"_links":{"self":[{"href":"https:\/\/www.lesmaconsdelacreuse.fr\/annuaires\/wp-json\/wp\/v2\/posts\/7092","targetHints":{"allow":["GET"]}}],"collection":[{"href":"https:\/\/www.lesmaconsdelacreuse.fr\/annuaires\/wp-json\/wp\/v2\/posts"}],"about":[{"href":"https:\/\/www.lesmaconsdelacreuse.fr\/annuaires\/wp-json\/wp\/v2\/types\/post"}],"author":[{"embeddable":true,"href":"https:\/\/www.lesmaconsdelacreuse.fr\/annuaires\/wp-json\/wp\/v2\/users\/6"}],"replies":[{"embeddable":true,"href":"https:\/\/www.lesmaconsdelacreuse.fr\/annuaires\/wp-json\/wp\/v2\/comments?post=7092"}],"version-history":[{"count":0,"href":"https:\/\/www.lesmaconsdelacreuse.fr\/annuaires\/wp-json\/wp\/v2\/posts\/7092\/revisions"}],"wp:attachment":[{"href":"https:\/\/www.lesmaconsdelacreuse.fr\/annuaires\/wp-json\/wp\/v2\/media?parent=7092"}],"wp:term":[{"taxonomy":"category","embeddable":true,"href":"https:\/\/www.lesmaconsdelacreuse.fr\/annuaires\/wp-json\/wp\/v2\/categories?post=7092"},{"taxonomy":"post_tag","embeddable":true,"href":"https:\/\/www.lesmaconsdelacreuse.fr\/annuaires\/wp-json\/wp\/v2\/tags?post=7092"}],"curies":[{"name":"wp","href":"https:\/\/api.w.org\/{rel}","templated":true}]}}