{"id":7095,"date":"2019-07-28T13:38:24","date_gmt":"2019-07-28T11:38:24","guid":{"rendered":"http:\/\/lesmaconsdelacreuse.fr\/annuaire\/?p=7095"},"modified":"2022-04-11T20:03:57","modified_gmt":"2022-04-11T18:03:57","slug":"l_1019","status":"publish","type":"post","link":"https:\/\/www.lesmaconsdelacreuse.fr\/annuaires\/lettre-l\/l_1019\/","title":{"rendered":"LEGROS Jean (1870-apr\u00e8s 1918)"},"content":{"rendered":"<p class=\"last-updated\"><strong>Mis \u00e0 jour le :<\/strong> 29\/04\/2026<\/p><h2 style=\"text-align: center;\"><strong>Jean LEGROS<\/strong><\/h2>\n<p style=\"text-align: center;\"><strong>1870 \u2013 apr\u00e8s 1918<\/strong><\/p>\n<p style=\"text-align: center;\"><img loading=\"lazy\" decoding=\"async\" class=\"\" title=\"\" src=\"https:\/\/lesmaconsdelacreuse.fr\/annuaire\/wp-content\/uploads\/2019\/07\/image1-1831.jpg\" alt=\"\" width=\"251\" height=\"74\" data-source-id=\"i.0\" data-asset-id=\"7091\" \/><\/p>\n<h4 style=\"text-align: center;\"><span style=\"color: #008000;\"><strong>ma\u00e7on<\/strong><\/span><\/h4>\n<p style=\"text-align: center;\">n\u00e9 \u00e0 Arfeuille (Roy\u00e8re)<\/p>\n<p style=\"text-align: center;\">le 26 d\u00e9cembre 1870<\/p>\n<p style=\"text-align: center;\">fils de Joseph LEGROS, <span style=\"color: #008000;\"><strong>ma\u00e7on<\/strong><\/span> et mar\u00e9chal-ferrant<\/p>\n<p style=\"text-align: center;\">Marie MOUNAUD<\/p>\n<p style=\"text-align: center;\">propri\u00e9taires cultivateurs<\/p>\n<p>&nbsp;<\/p>\n<p><strong>En 1894<\/strong><em>, Jean habite <\/em><span style=\"color: #0000ff;\"><strong>Paris (75)<\/strong><\/span><em>, 72, rue de Tocqueville.<\/em><\/p>\n<p><em>\u00a0<\/em><em>Il \u00e9pouse Eug\u00e9nie <\/em><strong>MUGNIER-MAR\u00c9CHAL<\/strong><em>, cuisini\u00e8re, le 8 d\u00e9cembre de la m\u00eame ann\u00e9e, au 13<sup>e<\/sup> arrondissement.<\/em><\/p>\n<p><strong>\u00a0En 1895<\/strong><em>, ils habitent 77, rue Dulong, 17<sup>e<\/sup> arrondissement.<\/em><\/p>\n<p><strong>\u00a0En 1908<\/strong><em>, ils sont \u00e0 Andaleix, commune de Roy\u00e8re.<\/em><\/p>\n<p style=\"text-align: center;\"><span style=\"color: #ffffff;\">\u25d9<\/span><\/p>\n<p>&nbsp;<\/p>\n","protected":false},"excerpt":{"rendered":"<p>Mis \u00e0 jour le : 29\/04\/2026Jean LEGROS 1870 \u2013 apr\u00e8s 1918 ma\u00e7on n\u00e9 \u00e0 Arfeuille (Roy\u00e8re) le 26 d\u00e9cembre 1870 fils de Joseph LEGROS, ma\u00e7on et mar\u00e9chal-ferrant Marie MOUNAUD propri\u00e9taires cultivateurs &nbsp; En 1894, Jean habite Paris (75), 72, rue de Tocqueville. \u00a0Il \u00e9pouse Eug\u00e9nie MUGNIER-MAR\u00c9CHAL, cuisini\u00e8re, le 8 d\u00e9cembre de la m\u00eame ann\u00e9e, au ..<\/p>\n<div class=\"clear-fix\"><\/div>\n<p><a href=\"https:\/\/www.lesmaconsdelacreuse.fr\/annuaires\/lettre-l\/l_1019\/\" title=\"Lire la suite...\">Lire la suite<\/a><\/p>\n","protected":false},"author":6,"featured_media":0,"comment_status":"closed","ping_status":"closed","sticky":false,"template":"","format":"standard","meta":{"_acf_changed":false,"_exactmetrics_skip_tracking":false,"_exactmetrics_sitenote_active":false,"_exactmetrics_sitenote_note":"","_exactmetrics_sitenote_category":0,"footnotes":""},"categories":[19],"tags":[],"class_list":["post-7095","post","type-post","status-publish","format-standard","hentry","category-lettre-l"],"acf":[],"_links":{"self":[{"href":"https:\/\/www.lesmaconsdelacreuse.fr\/annuaires\/wp-json\/wp\/v2\/posts\/7095","targetHints":{"allow":["GET"]}}],"collection":[{"href":"https:\/\/www.lesmaconsdelacreuse.fr\/annuaires\/wp-json\/wp\/v2\/posts"}],"about":[{"href":"https:\/\/www.lesmaconsdelacreuse.fr\/annuaires\/wp-json\/wp\/v2\/types\/post"}],"author":[{"embeddable":true,"href":"https:\/\/www.lesmaconsdelacreuse.fr\/annuaires\/wp-json\/wp\/v2\/users\/6"}],"replies":[{"embeddable":true,"href":"https:\/\/www.lesmaconsdelacreuse.fr\/annuaires\/wp-json\/wp\/v2\/comments?post=7095"}],"version-history":[{"count":2,"href":"https:\/\/www.lesmaconsdelacreuse.fr\/annuaires\/wp-json\/wp\/v2\/posts\/7095\/revisions"}],"predecessor-version":[{"id":197477,"href":"https:\/\/www.lesmaconsdelacreuse.fr\/annuaires\/wp-json\/wp\/v2\/posts\/7095\/revisions\/197477"}],"wp:attachment":[{"href":"https:\/\/www.lesmaconsdelacreuse.fr\/annuaires\/wp-json\/wp\/v2\/media?parent=7095"}],"wp:term":[{"taxonomy":"category","embeddable":true,"href":"https:\/\/www.lesmaconsdelacreuse.fr\/annuaires\/wp-json\/wp\/v2\/categories?post=7095"},{"taxonomy":"post_tag","embeddable":true,"href":"https:\/\/www.lesmaconsdelacreuse.fr\/annuaires\/wp-json\/wp\/v2\/tags?post=7095"}],"curies":[{"name":"wp","href":"https:\/\/api.w.org\/{rel}","templated":true}]}}