{"id":7098,"date":"2019-07-28T13:38:24","date_gmt":"2019-07-28T11:38:24","guid":{"rendered":"http:\/\/lesmaconsdelacreuse.fr\/annuaire\/?p=7098"},"modified":"2020-10-14T10:20:21","modified_gmt":"2020-10-14T08:20:21","slug":"l_944","status":"publish","type":"post","link":"https:\/\/www.lesmaconsdelacreuse.fr\/annuaires\/lettre-l\/l_944\/","title":{"rendered":"LEGER Joseph (1827-apr\u00e8s 1883)"},"content":{"rendered":"<p class=\"last-updated\"><strong>Mis \u00e0 jour le :<\/strong> 29\/04\/2026<\/p><h2 style=\"text-align: center;\"><strong>Joseph L\u00c9GER<\/strong><\/h2>\n<p style=\"text-align: center;\"><strong>1827 \u2013 apr\u00e8s 1883<\/strong><\/p>\n<p style=\"text-align: center;\"><img decoding=\"async\" title=\"\" src=\"https:\/\/lesmaconsdelacreuse.fr\/annuaire\/wp-content\/uploads\/2019\/07\/image1-1833.jpg\" alt=\"\" data-source-id=\"i.0\" data-asset-id=\"7094\" \/><\/p>\n<h4 style=\"text-align: center;\"><strong><span style=\"color: #008000;\">\u25ba\u00a0<a href=\"https:\/\/www.lesmaconsdelacreuse.fr\/annuaires\/wp-content\/uploads\/2020\/07\/MA\u00ceTRE-MA\u00c7ON.png\" target=\"_blank\" rel=\"noopener noreferrer\"><span style=\"color: #008000;\">ma\u00eetre ma\u00e7on<\/span><\/a><\/span><\/strong><\/h4>\n<p>&nbsp;<\/p>\n<p style=\"text-align: center;\">n\u00e9 au Feix (Roy\u00e8re)<\/p>\n<p style=\"text-align: center;\">le 21 octobre 1827<\/p>\n<p style=\"text-align: center;\">fils de<\/p>\n<p style=\"text-align: center;\">Fran\u00e7ois L\u00c9GER, <span style=\"color: #008000;\"><strong>ma\u00e7on<\/strong><\/span><\/p>\n<p style=\"text-align: center;\">Marguerite MOREAU, cultivatrice<\/p>\n<p style=\"text-align: center;\"><span style=\"color: #ffffff;\">\u25d9<\/span><\/p>\n<p><strong>En 1848<\/strong>, <em>Joseph, <\/em><span style=\"color: #008000;\"><strong>ma\u00e7on<\/strong><\/span><em>, est dispens\u00e9 de service militaire ayant un fr\u00e8re sous les drapeaux.<\/em><\/p>\n<p><strong>En 1855<\/strong><em>, il travaille \u00e0 <\/em><span style=\"color: #0000ff;\"><strong>Lyon (69)<\/strong><\/span><em> et loge 16, rue d\u2019Orl\u00e9ans, 3e arrondissement.<\/em><\/p>\n<p><em> Il \u00e9pouse Apollonie S\u00e9raphine <\/em><strong>COADON\u00a0<\/strong><em>, native de la Loire, le 30 octobre de la m\u00eame ann\u00e9e \u00e0 Lyon 3e. Il ne sait pas encore signer.<\/em><\/p>\n<p><strong>En 1856<\/strong><em>, ils habitent 16, rue d\u2019Orl\u00e9ans, dans le 3e\u00a0arrondissement\u00a0;<\/em><\/p>\n<p><strong>en 1858 et 1863<\/strong><em>, avenue de Saxe.<\/em><\/p>\n<p><strong>En 1867 et 1868<\/strong><em>, Joseph, <\/em><span style=\"color: #008000;\"><strong>ma\u00eetre ma\u00e7on<\/strong><\/span><em>, loge 78, rue Bugeaud; <\/em><\/p>\n<p><strong>en 1883<\/strong><em>, 72, m\u00eame rue.<\/em><\/p>\n<p>&nbsp;<\/p>\n","protected":false},"excerpt":{"rendered":"<p>Mis \u00e0 jour le : 29\/04\/2026Joseph L\u00c9GER 1827 \u2013 apr\u00e8s 1883 \u25ba\u00a0ma\u00eetre ma\u00e7on &nbsp; n\u00e9 au Feix (Roy\u00e8re) le 21 octobre 1827 fils de Fran\u00e7ois L\u00c9GER, ma\u00e7on Marguerite MOREAU, cultivatrice \u25d9 En 1848, Joseph, ma\u00e7on, est dispens\u00e9 de service militaire ayant un fr\u00e8re sous les drapeaux. En 1855, il travaille \u00e0 Lyon (69) et loge ..<\/p>\n<div class=\"clear-fix\"><\/div>\n<p><a href=\"https:\/\/www.lesmaconsdelacreuse.fr\/annuaires\/lettre-l\/l_944\/\" title=\"Lire la suite...\">Lire la suite<\/a><\/p>\n","protected":false},"author":6,"featured_media":0,"comment_status":"closed","ping_status":"closed","sticky":false,"template":"","format":"standard","meta":{"_acf_changed":false,"_exactmetrics_skip_tracking":false,"_exactmetrics_sitenote_active":false,"_exactmetrics_sitenote_note":"","_exactmetrics_sitenote_category":0,"footnotes":""},"categories":[19],"tags":[],"class_list":["post-7098","post","type-post","status-publish","format-standard","hentry","category-lettre-l"],"acf":[],"_links":{"self":[{"href":"https:\/\/www.lesmaconsdelacreuse.fr\/annuaires\/wp-json\/wp\/v2\/posts\/7098","targetHints":{"allow":["GET"]}}],"collection":[{"href":"https:\/\/www.lesmaconsdelacreuse.fr\/annuaires\/wp-json\/wp\/v2\/posts"}],"about":[{"href":"https:\/\/www.lesmaconsdelacreuse.fr\/annuaires\/wp-json\/wp\/v2\/types\/post"}],"author":[{"embeddable":true,"href":"https:\/\/www.lesmaconsdelacreuse.fr\/annuaires\/wp-json\/wp\/v2\/users\/6"}],"replies":[{"embeddable":true,"href":"https:\/\/www.lesmaconsdelacreuse.fr\/annuaires\/wp-json\/wp\/v2\/comments?post=7098"}],"version-history":[{"count":0,"href":"https:\/\/www.lesmaconsdelacreuse.fr\/annuaires\/wp-json\/wp\/v2\/posts\/7098\/revisions"}],"wp:attachment":[{"href":"https:\/\/www.lesmaconsdelacreuse.fr\/annuaires\/wp-json\/wp\/v2\/media?parent=7098"}],"wp:term":[{"taxonomy":"category","embeddable":true,"href":"https:\/\/www.lesmaconsdelacreuse.fr\/annuaires\/wp-json\/wp\/v2\/categories?post=7098"},{"taxonomy":"post_tag","embeddable":true,"href":"https:\/\/www.lesmaconsdelacreuse.fr\/annuaires\/wp-json\/wp\/v2\/tags?post=7098"}],"curies":[{"name":"wp","href":"https:\/\/api.w.org\/{rel}","templated":true}]}}