{"id":7101,"date":"2019-07-28T13:38:24","date_gmt":"2019-07-28T11:38:24","guid":{"rendered":"http:\/\/lesmaconsdelacreuse.fr\/annuaire\/?p=7101"},"modified":"2020-01-20T11:28:08","modified_gmt":"2020-01-20T10:28:08","slug":"l_1020","status":"publish","type":"post","link":"https:\/\/www.lesmaconsdelacreuse.fr\/annuaires\/lettre-l\/l_1020\/","title":{"rendered":"LEGROS Jean (1877-1958)"},"content":{"rendered":"<p class=\"last-updated\"><strong>Mis \u00e0 jour le :<\/strong> 29\/04\/2026<\/p><h2 style=\"text-align: center;\"><strong>Jean LEGROS<\/strong><\/h2>\n<p style=\"text-align: center;\"><strong>1877 \u2013 1958<\/strong><\/p>\n<p style=\"text-align: center;\"><img decoding=\"async\" title=\"\" src=\"https:\/\/lesmaconsdelacreuse.fr\/annuaire\/wp-content\/uploads\/2019\/07\/image1-1835.jpg\" alt=\"\" data-source-id=\"i.0\" data-asset-id=\"7099\" \/><\/p>\n<h4 style=\"text-align: center;\"><span style=\"color: #008000;\"><strong>ma\u00e7on<\/strong><\/span><\/h4>\n<p style=\"text-align: center;\">n\u00e9 \u00e0 La Colomberie (Saint-Moreil)<\/p>\n<p style=\"text-align: center;\">le 5 avril 1877<\/p>\n<p style=\"text-align: center;\">fils de<\/p>\n<p style=\"text-align: center;\">Pierre LEGROS \/ Anne PETITGALANT<\/p>\n<p style=\"text-align: center;\">cultivateurs<\/p>\n<p style=\"text-align: center;\"><span style=\"color: #ffffff;\">\u25d9<\/span><\/p>\n<p><strong>En 1898<\/strong><em>, Jean travaille dans la <\/em><span style=\"color: #0000ff;\"><strong>Seine <\/strong><\/span><em>et y passe le conseil de r\u00e9vision. Il est vers\u00e9 dans le service auxiliaire pour atrophie de la jambe gauche.<\/em><\/p>\n<p><em> Il habite <\/em><span style=\"color: #0000ff;\"><strong>Paris (75)<\/strong><\/span><em> 23, rue de la F\u00e9licit\u00e9\u00a0;<\/em><\/p>\n<p><strong>en 1902<\/strong><em>, 8, passage du Petit-Cerf, dans le 7e arrondissement.<\/em><\/p>\n<p><em> Il \u00e9pouse Marie-Louise <\/em><strong>CAILLAMAUD<\/strong><em> le 25 f\u00e9vrier <\/em><strong>1905<\/strong><em> \u00e0 Saint-Junien-la-Breg\u00e8re. Ils habitent Lestrade, commune de Saint-Junien, puis La Colomberie.<\/em><\/p>\n<p><strong>En 1908<\/strong><em>, Jean est de nouveau \u00e0 Paris, 45, rue de la Jonqui\u00e8re dans le 17e. <\/em><\/p>\n<p><strong>En 1910 et 1915<\/strong><em>, il est \u00e0 <\/em><span style=\"color: #0000ff;\"><strong>Saint-Ouen (93)<\/strong><\/span><em>.<\/em><\/p>\n<p><em>Les \u00e9poux d\u00e9c\u00e8dent\u00a0:<\/em><\/p>\n<ul>\n<li><em> Marie-Louise, \u00e0 Saint-Ouen, le 25 novembre <\/em><strong>1956<\/strong><em> \u00e2g\u00e9e de 73 ans<\/em><\/li>\n<li><em> Jean, \u00e0 L\u2019 Hay-les-Roses (94), le 24 d\u00e9cembre <\/em><strong>1958<\/strong><em>, \u00e2g\u00e9 de 81 ans<\/em><\/li>\n<\/ul>\n","protected":false},"excerpt":{"rendered":"<p>Mis \u00e0 jour le : 29\/04\/2026Jean LEGROS 1877 \u2013 1958 ma\u00e7on n\u00e9 \u00e0 La Colomberie (Saint-Moreil) le 5 avril 1877 fils de Pierre LEGROS \/ Anne PETITGALANT cultivateurs \u25d9 En 1898, Jean travaille dans la Seine et y passe le conseil de r\u00e9vision. Il est vers\u00e9 dans le service auxiliaire pour atrophie de la jambe ..<\/p>\n<div class=\"clear-fix\"><\/div>\n<p><a href=\"https:\/\/www.lesmaconsdelacreuse.fr\/annuaires\/lettre-l\/l_1020\/\" title=\"Lire la suite...\">Lire la suite<\/a><\/p>\n","protected":false},"author":6,"featured_media":0,"comment_status":"closed","ping_status":"closed","sticky":false,"template":"","format":"standard","meta":{"_acf_changed":false,"_exactmetrics_skip_tracking":false,"_exactmetrics_sitenote_active":false,"_exactmetrics_sitenote_note":"","_exactmetrics_sitenote_category":0,"footnotes":""},"categories":[19],"tags":[],"class_list":["post-7101","post","type-post","status-publish","format-standard","hentry","category-lettre-l"],"acf":[],"_links":{"self":[{"href":"https:\/\/www.lesmaconsdelacreuse.fr\/annuaires\/wp-json\/wp\/v2\/posts\/7101","targetHints":{"allow":["GET"]}}],"collection":[{"href":"https:\/\/www.lesmaconsdelacreuse.fr\/annuaires\/wp-json\/wp\/v2\/posts"}],"about":[{"href":"https:\/\/www.lesmaconsdelacreuse.fr\/annuaires\/wp-json\/wp\/v2\/types\/post"}],"author":[{"embeddable":true,"href":"https:\/\/www.lesmaconsdelacreuse.fr\/annuaires\/wp-json\/wp\/v2\/users\/6"}],"replies":[{"embeddable":true,"href":"https:\/\/www.lesmaconsdelacreuse.fr\/annuaires\/wp-json\/wp\/v2\/comments?post=7101"}],"version-history":[{"count":0,"href":"https:\/\/www.lesmaconsdelacreuse.fr\/annuaires\/wp-json\/wp\/v2\/posts\/7101\/revisions"}],"wp:attachment":[{"href":"https:\/\/www.lesmaconsdelacreuse.fr\/annuaires\/wp-json\/wp\/v2\/media?parent=7101"}],"wp:term":[{"taxonomy":"category","embeddable":true,"href":"https:\/\/www.lesmaconsdelacreuse.fr\/annuaires\/wp-json\/wp\/v2\/categories?post=7101"},{"taxonomy":"post_tag","embeddable":true,"href":"https:\/\/www.lesmaconsdelacreuse.fr\/annuaires\/wp-json\/wp\/v2\/tags?post=7101"}],"curies":[{"name":"wp","href":"https:\/\/api.w.org\/{rel}","templated":true}]}}