{"id":7105,"date":"2019-07-28T13:38:23","date_gmt":"2019-07-28T11:38:23","guid":{"rendered":"http:\/\/lesmaconsdelacreuse.fr\/annuaire\/?p=7105"},"modified":"2020-01-20T11:28:11","modified_gmt":"2020-01-20T10:28:11","slug":"l_1015","status":"publish","type":"post","link":"https:\/\/www.lesmaconsdelacreuse.fr\/annuaires\/lettre-l\/l_1015\/","title":{"rendered":"LEGROS Jean (1828-1908)"},"content":{"rendered":"<p class=\"last-updated\"><strong>Mis \u00e0 jour le :<\/strong> 29\/04\/2026<\/p><h2 style=\"text-align: center;\"><strong>Jean LEGROS<\/strong><\/h2>\n<p style=\"text-align: center;\"><strong>1828 \u2013 1908<\/strong><\/p>\n<p style=\"text-align: center;\"><img decoding=\"async\" title=\"\" src=\"https:\/\/lesmaconsdelacreuse.fr\/annuaire\/wp-content\/uploads\/2019\/07\/image1-1836.jpg\" alt=\"\" data-source-id=\"i.0\" data-asset-id=\"7102\" \/><\/p>\n<h4 style=\"text-align: center;\"><span style=\"color: #008000;\"><strong>ma\u00e7on<\/strong> et <strong>tailleur d\u2019habits<\/strong>; <strong>cultivateur<\/strong><\/span><\/h4>\n<p style=\"text-align: center;\">n\u00e9 \u00e0 Augerolles (Saint-Pardoux-Lavaud)<\/p>\n<p style=\"text-align: center;\">le 26 d\u00e9cembre 1828<\/p>\n<p style=\"text-align: center;\">fils de<\/p>\n<p style=\"text-align: center;\">L\u00e9onard LEGROS, <span style=\"color: #008000;\"><strong>ma\u00e7on <\/strong><\/span><strong>\/ <\/strong>Anne CONCHONNET<\/p>\n<p style=\"text-align: center;\">propri\u00e9taires cultivateurs<\/p>\n<p style=\"text-align: center;\"><span style=\"color: #ffffff;\">\u25d9<\/span><\/p>\n<p><strong>En 1849<\/strong><em>, Jean est dispens\u00e9 de service militaire comme fils a\u00een\u00e9 de veuve.<\/em><\/p>\n<p><em>Il \u00e9pouse Fran\u00e7oise <\/em><strong>CHAPEAU<\/strong><em> le 21 janvier <\/em><strong>1851<\/strong><em> \u00e0 Saint-Martin-Ch\u00e2teau (contrat Faure). <\/em><\/p>\n<p><em>Ils d\u00e9c\u00e8dent\u00a0:<\/em><\/p>\n<ul>\n<li><em>Jean, \u00e0 Buze, commune de Saint-Pardoux, le 7 d\u00e9cembre <\/em><strong>1908<\/strong><em>, \u00e2g\u00e9 de 79 ans<\/em><\/li>\n<li><em>Fran\u00e7oise, \u00e0 Lyon 6e, le 26 mars <\/em><strong>1913<\/strong><em>, \u00e2g\u00e9e de 83 ans<\/em><\/li>\n<\/ul>\n","protected":false},"excerpt":{"rendered":"<p>Mis \u00e0 jour le : 29\/04\/2026Jean LEGROS 1828 \u2013 1908 ma\u00e7on et tailleur d\u2019habits; cultivateur n\u00e9 \u00e0 Augerolles (Saint-Pardoux-Lavaud) le 26 d\u00e9cembre 1828 fils de L\u00e9onard LEGROS, ma\u00e7on \/ Anne CONCHONNET propri\u00e9taires cultivateurs \u25d9 En 1849, Jean est dispens\u00e9 de service militaire comme fils a\u00een\u00e9 de veuve. Il \u00e9pouse Fran\u00e7oise CHAPEAU le 21 janvier 1851 ..<\/p>\n<div class=\"clear-fix\"><\/div>\n<p><a href=\"https:\/\/www.lesmaconsdelacreuse.fr\/annuaires\/lettre-l\/l_1015\/\" title=\"Lire la suite...\">Lire la suite<\/a><\/p>\n","protected":false},"author":6,"featured_media":0,"comment_status":"closed","ping_status":"closed","sticky":false,"template":"","format":"standard","meta":{"_acf_changed":false,"_exactmetrics_skip_tracking":false,"_exactmetrics_sitenote_active":false,"_exactmetrics_sitenote_note":"","_exactmetrics_sitenote_category":0,"footnotes":""},"categories":[19],"tags":[],"class_list":["post-7105","post","type-post","status-publish","format-standard","hentry","category-lettre-l"],"acf":[],"_links":{"self":[{"href":"https:\/\/www.lesmaconsdelacreuse.fr\/annuaires\/wp-json\/wp\/v2\/posts\/7105","targetHints":{"allow":["GET"]}}],"collection":[{"href":"https:\/\/www.lesmaconsdelacreuse.fr\/annuaires\/wp-json\/wp\/v2\/posts"}],"about":[{"href":"https:\/\/www.lesmaconsdelacreuse.fr\/annuaires\/wp-json\/wp\/v2\/types\/post"}],"author":[{"embeddable":true,"href":"https:\/\/www.lesmaconsdelacreuse.fr\/annuaires\/wp-json\/wp\/v2\/users\/6"}],"replies":[{"embeddable":true,"href":"https:\/\/www.lesmaconsdelacreuse.fr\/annuaires\/wp-json\/wp\/v2\/comments?post=7105"}],"version-history":[{"count":0,"href":"https:\/\/www.lesmaconsdelacreuse.fr\/annuaires\/wp-json\/wp\/v2\/posts\/7105\/revisions"}],"wp:attachment":[{"href":"https:\/\/www.lesmaconsdelacreuse.fr\/annuaires\/wp-json\/wp\/v2\/media?parent=7105"}],"wp:term":[{"taxonomy":"category","embeddable":true,"href":"https:\/\/www.lesmaconsdelacreuse.fr\/annuaires\/wp-json\/wp\/v2\/categories?post=7105"},{"taxonomy":"post_tag","embeddable":true,"href":"https:\/\/www.lesmaconsdelacreuse.fr\/annuaires\/wp-json\/wp\/v2\/tags?post=7105"}],"curies":[{"name":"wp","href":"https:\/\/api.w.org\/{rel}","templated":true}]}}