{"id":7107,"date":"2019-07-28T13:38:23","date_gmt":"2019-07-28T11:38:23","guid":{"rendered":"http:\/\/lesmaconsdelacreuse.fr\/annuaire\/?p=7107"},"modified":"2022-06-06T18:11:26","modified_gmt":"2022-06-06T16:11:26","slug":"l_946","status":"publish","type":"post","link":"https:\/\/www.lesmaconsdelacreuse.fr\/annuaires\/lettre-l\/l_946\/","title":{"rendered":"LEGER L\u00e9onard (1851-apr\u00e8s 1898)"},"content":{"rendered":"<p class=\"last-updated\"><strong>Mis \u00e0 jour le :<\/strong> 29\/04\/2026<\/p><h2 style=\"text-align: center;\"><strong>L\u00e9onard L\u00c9GER<\/strong><\/h2>\n<p style=\"text-align: center;\"><strong>1851 \u2013 apr\u00e8s 1898<\/strong><\/p>\n<p><a href=\"https:\/\/www.lesmaconsdelacreuse.fr\/annuaires\/wp-content\/uploads\/2019\/07\/LEGER-Leonard-1851.jpg\"><img loading=\"lazy\" decoding=\"async\" class=\"size-medium wp-image-199996 aligncenter\" src=\"https:\/\/www.lesmaconsdelacreuse.fr\/annuaires\/wp-content\/uploads\/2019\/07\/LEGER-Leonard-1851-300x78.jpg\" alt=\"\" width=\"300\" height=\"78\" srcset=\"https:\/\/www.lesmaconsdelacreuse.fr\/annuaires\/wp-content\/uploads\/2019\/07\/LEGER-Leonard-1851-300x78.jpg 300w, https:\/\/www.lesmaconsdelacreuse.fr\/annuaires\/wp-content\/uploads\/2019\/07\/LEGER-Leonard-1851-16x4.jpg 16w, https:\/\/www.lesmaconsdelacreuse.fr\/annuaires\/wp-content\/uploads\/2019\/07\/LEGER-Leonard-1851-150x39.jpg 150w, https:\/\/www.lesmaconsdelacreuse.fr\/annuaires\/wp-content\/uploads\/2019\/07\/LEGER-Leonard-1851.jpg 334w\" sizes=\"auto, (max-width: 300px) 100vw, 300px\" \/><\/a><\/p>\n<h4 style=\"text-align: center;\"><span style=\"color: #008000;\"><strong>ma\u00e7on<\/strong> et\u00a0<strong><em>\u25ba<a href=\"https:\/\/www.lesmaconsdelacreuse.fr\/annuaires\/wp-content\/uploads\/2020\/07\/FUMISTE.png\" target=\"_blank\" rel=\"noopener noreferrer\">fumiste<\/a><\/em><\/strong><\/span><\/h4>\n<p>&nbsp;<\/p>\n<p style=\"text-align: center;\">n\u00e9 au Feix (Roy\u00e8re)<\/p>\n<p style=\"text-align: center;\">le 1er novembre 1851<\/p>\n<p style=\"text-align: center;\">fils naturel de<\/p>\n<p style=\"text-align: center;\">Marie-Anne L\u00c9GER<\/p>\n<p style=\"text-align: center;\"><span style=\"color: #ffffff;\">\u25d9<\/span><\/p>\n<p><strong>En 1877<\/strong>, <em>L\u00e9onard, mar\u00e9chal des logis et sous-chef artificier, est aussi fumiste, habitant Senoueix, commune de Gentioux.<\/em><\/p>\n<p><em>\u00a0<\/em><em>Le 5 mars de la m\u00eame ann\u00e9e, il \u00e9pouse \u00e0 Gentioux Marie <\/em><strong>L\u00c9GER<\/strong><em>, cultivatrice, originaire de Roy\u00e8re (contrat Dufour \u00e0 Gentioux).<\/em><\/p>\n<p><strong>\u00a0En 1886<\/strong>, <em>ils sont recens\u00e9s \u00e0 <\/em><span style=\"color: #0000ff;\"><strong>Lyon (69)<\/strong><\/span><em>, 199, avenue de Saxe\u00a0;<\/em><\/p>\n<p><strong>\u00a0en 1896<\/strong><em>, 217, rue Cr\u00e9qui.<\/em><\/p>\n<p><strong>En 1898<\/strong><em>, L\u00e9onard, toujours \u00e0 la m\u00eame adresse,<\/em><em>\u00a0fait une demande de \u25ba<a href=\"https:\/\/www.lesmaconsdelacreuse.fr\/annuaires\/wp-content\/uploads\/2019\/08\/LIVRET-OUVRIER.png\" target=\"_blank\" rel=\"noopener noreferrer\">livret d&rsquo;ouvrier<\/a><\/em>.<\/p>\n<p>&nbsp;<\/p>\n","protected":false},"excerpt":{"rendered":"<p>Mis \u00e0 jour le : 29\/04\/2026L\u00e9onard L\u00c9GER 1851 \u2013 apr\u00e8s 1898 ma\u00e7on et\u00a0\u25bafumiste &nbsp; n\u00e9 au Feix (Roy\u00e8re) le 1er novembre 1851 fils naturel de Marie-Anne L\u00c9GER \u25d9 En 1877, L\u00e9onard, mar\u00e9chal des logis et sous-chef artificier, est aussi fumiste, habitant Senoueix, commune de Gentioux. \u00a0Le 5 mars de la m\u00eame ann\u00e9e, il \u00e9pouse \u00e0 ..<\/p>\n<div class=\"clear-fix\"><\/div>\n<p><a href=\"https:\/\/www.lesmaconsdelacreuse.fr\/annuaires\/lettre-l\/l_946\/\" title=\"Lire la suite...\">Lire la suite<\/a><\/p>\n","protected":false},"author":6,"featured_media":0,"comment_status":"closed","ping_status":"closed","sticky":false,"template":"","format":"standard","meta":{"_acf_changed":false,"_exactmetrics_skip_tracking":false,"_exactmetrics_sitenote_active":false,"_exactmetrics_sitenote_note":"","_exactmetrics_sitenote_category":0,"footnotes":""},"categories":[19],"tags":[],"class_list":["post-7107","post","type-post","status-publish","format-standard","hentry","category-lettre-l"],"acf":[],"_links":{"self":[{"href":"https:\/\/www.lesmaconsdelacreuse.fr\/annuaires\/wp-json\/wp\/v2\/posts\/7107","targetHints":{"allow":["GET"]}}],"collection":[{"href":"https:\/\/www.lesmaconsdelacreuse.fr\/annuaires\/wp-json\/wp\/v2\/posts"}],"about":[{"href":"https:\/\/www.lesmaconsdelacreuse.fr\/annuaires\/wp-json\/wp\/v2\/types\/post"}],"author":[{"embeddable":true,"href":"https:\/\/www.lesmaconsdelacreuse.fr\/annuaires\/wp-json\/wp\/v2\/users\/6"}],"replies":[{"embeddable":true,"href":"https:\/\/www.lesmaconsdelacreuse.fr\/annuaires\/wp-json\/wp\/v2\/comments?post=7107"}],"version-history":[{"count":3,"href":"https:\/\/www.lesmaconsdelacreuse.fr\/annuaires\/wp-json\/wp\/v2\/posts\/7107\/revisions"}],"predecessor-version":[{"id":199997,"href":"https:\/\/www.lesmaconsdelacreuse.fr\/annuaires\/wp-json\/wp\/v2\/posts\/7107\/revisions\/199997"}],"wp:attachment":[{"href":"https:\/\/www.lesmaconsdelacreuse.fr\/annuaires\/wp-json\/wp\/v2\/media?parent=7107"}],"wp:term":[{"taxonomy":"category","embeddable":true,"href":"https:\/\/www.lesmaconsdelacreuse.fr\/annuaires\/wp-json\/wp\/v2\/categories?post=7107"},{"taxonomy":"post_tag","embeddable":true,"href":"https:\/\/www.lesmaconsdelacreuse.fr\/annuaires\/wp-json\/wp\/v2\/tags?post=7107"}],"curies":[{"name":"wp","href":"https:\/\/api.w.org\/{rel}","templated":true}]}}