{"id":7110,"date":"2019-07-28T13:38:23","date_gmt":"2019-07-28T11:38:23","guid":{"rendered":"http:\/\/lesmaconsdelacreuse.fr\/annuaire\/?p=7110"},"modified":"2020-09-08T08:08:01","modified_gmt":"2020-09-08T06:08:01","slug":"l_1025","status":"publish","type":"post","link":"https:\/\/www.lesmaconsdelacreuse.fr\/annuaires\/lettre-l\/l_1025\/","title":{"rendered":"LEGROS Jean-Baptiste (1839-1914)"},"content":{"rendered":"<p class=\"last-updated\"><strong>Mis \u00e0 jour le :<\/strong> 29\/04\/2026<\/p><h2 style=\"text-align: center;\"><strong>Jean-Baptiste LEGROS<\/strong><\/h2>\n<p style=\"text-align: center;\"><strong>Jean LEGROS<\/strong><\/p>\n<p style=\"text-align: center;\"><strong>1839 \u2013 1914<\/strong><\/p>\n<p style=\"text-align: center;\"><img decoding=\"async\" title=\"\" src=\"https:\/\/lesmaconsdelacreuse.fr\/annuaire\/wp-content\/uploads\/2019\/07\/image1-1838.jpg\" alt=\"\" data-source-id=\"i.0\" data-asset-id=\"7109\" \/><\/p>\n<h4 style=\"text-align: center;\"><span style=\"color: #008000;\"><strong>ma\u00e7on <\/strong>et <strong>propri\u00e9taire cultivateur<\/strong><\/span><\/h4>\n<p style=\"text-align: center;\">n\u00e9 \u00e0 Arfeuille (Roy\u00e8re)<\/p>\n<p style=\"text-align: center;\">le 24 d\u00e9cembre 1839<\/p>\n<p style=\"text-align: center;\">fils de<\/p>\n<p style=\"text-align: center;\">Antoine LEGROS \/ Marguerite CL\u00c9MENT<\/p>\n<p style=\"text-align: center;\">cultivateurs<\/p>\n<p style=\"text-align: center;\"><span style=\"color: #ffffff;\">\u25d9<\/span><\/p>\n<p><strong>En 1860<\/strong><em>, Jean est exempt\u00e9 de service militaire pour b\u00e9gaiement.<\/em><\/p>\n<p><em>Il \u00e9pouse Jeanne <\/em><strong>MOUNAUD<\/strong><em> le 2 mars <\/em><strong>1865<\/strong><em> \u00e0 Roy\u00e8re (contrat Gioux \u00e0 Faux-la-Montagne).<\/em><\/p>\n<p><em> Ils d\u00e9c\u00e8dent \u00e0 Jeansanas\u00a0:<\/em><\/p>\n<ul>\n<li><em>Jean, le 30 novembre <\/em><strong>1914<\/strong>,<em> \u00e2g\u00e9 de 74 ans<\/em><\/li>\n<li><em>Jeanne, le 20 juillet <\/em><strong>1920<\/strong><em>, \u00e2g\u00e9e de 79 ans<\/em><\/li>\n<\/ul>\n<p>&nbsp;<\/p>\n","protected":false},"excerpt":{"rendered":"<p>Mis \u00e0 jour le : 29\/04\/2026Jean-Baptiste LEGROS Jean LEGROS 1839 \u2013 1914 ma\u00e7on et propri\u00e9taire cultivateur n\u00e9 \u00e0 Arfeuille (Roy\u00e8re) le 24 d\u00e9cembre 1839 fils de Antoine LEGROS \/ Marguerite CL\u00c9MENT cultivateurs \u25d9 En 1860, Jean est exempt\u00e9 de service militaire pour b\u00e9gaiement. Il \u00e9pouse Jeanne MOUNAUD le 2 mars 1865 \u00e0 Roy\u00e8re (contrat Gioux ..<\/p>\n<div class=\"clear-fix\"><\/div>\n<p><a href=\"https:\/\/www.lesmaconsdelacreuse.fr\/annuaires\/lettre-l\/l_1025\/\" title=\"Lire la suite...\">Lire la suite<\/a><\/p>\n","protected":false},"author":6,"featured_media":0,"comment_status":"closed","ping_status":"closed","sticky":false,"template":"","format":"standard","meta":{"_acf_changed":false,"_exactmetrics_skip_tracking":false,"_exactmetrics_sitenote_active":false,"_exactmetrics_sitenote_note":"","_exactmetrics_sitenote_category":0,"footnotes":""},"categories":[19],"tags":[],"class_list":["post-7110","post","type-post","status-publish","format-standard","hentry","category-lettre-l"],"acf":[],"_links":{"self":[{"href":"https:\/\/www.lesmaconsdelacreuse.fr\/annuaires\/wp-json\/wp\/v2\/posts\/7110","targetHints":{"allow":["GET"]}}],"collection":[{"href":"https:\/\/www.lesmaconsdelacreuse.fr\/annuaires\/wp-json\/wp\/v2\/posts"}],"about":[{"href":"https:\/\/www.lesmaconsdelacreuse.fr\/annuaires\/wp-json\/wp\/v2\/types\/post"}],"author":[{"embeddable":true,"href":"https:\/\/www.lesmaconsdelacreuse.fr\/annuaires\/wp-json\/wp\/v2\/users\/6"}],"replies":[{"embeddable":true,"href":"https:\/\/www.lesmaconsdelacreuse.fr\/annuaires\/wp-json\/wp\/v2\/comments?post=7110"}],"version-history":[{"count":0,"href":"https:\/\/www.lesmaconsdelacreuse.fr\/annuaires\/wp-json\/wp\/v2\/posts\/7110\/revisions"}],"wp:attachment":[{"href":"https:\/\/www.lesmaconsdelacreuse.fr\/annuaires\/wp-json\/wp\/v2\/media?parent=7110"}],"wp:term":[{"taxonomy":"category","embeddable":true,"href":"https:\/\/www.lesmaconsdelacreuse.fr\/annuaires\/wp-json\/wp\/v2\/categories?post=7110"},{"taxonomy":"post_tag","embeddable":true,"href":"https:\/\/www.lesmaconsdelacreuse.fr\/annuaires\/wp-json\/wp\/v2\/tags?post=7110"}],"curies":[{"name":"wp","href":"https:\/\/api.w.org\/{rel}","templated":true}]}}