{"id":7117,"date":"2019-07-28T13:38:23","date_gmt":"2019-07-28T11:38:23","guid":{"rendered":"http:\/\/lesmaconsdelacreuse.fr\/annuaire\/?p=7117"},"modified":"2020-10-05T14:54:59","modified_gmt":"2020-10-05T12:54:59","slug":"l_1008","status":"publish","type":"post","link":"https:\/\/www.lesmaconsdelacreuse.fr\/annuaires\/lettre-l\/l_1008\/","title":{"rendered":"LEGROS Gabriel (1836-apr\u00e8s 1867)"},"content":{"rendered":"<p class=\"last-updated\"><strong>Mis \u00e0 jour le :<\/strong> 29\/04\/2026<\/p><h2 style=\"text-align: center;\"><strong>Gabriel LEGROS<\/strong><\/h2>\n<p style=\"text-align: center;\"><strong>1836 \u2013 apr\u00e8s 1867<\/strong><\/p>\n<p style=\"text-align: center;\"><img decoding=\"async\" title=\"\" src=\"https:\/\/lesmaconsdelacreuse.fr\/annuaire\/wp-content\/uploads\/2019\/07\/image1-108.png\" alt=\"\" data-source-id=\"i.0\" data-asset-id=\"7114\" \/><\/p>\n<h4 style=\"text-align: center;\"><strong><span style=\"color: #008000;\"><a href=\"https:\/\/www.lesmaconsdelacreuse.fr\/annuaires\/wp-content\/uploads\/2020\/07\/TAILLEUR-DE-PIERRE.png\">\u25ba <span style=\"color: #008000;\">tailleur de pierre<\/span><\/a><\/span><\/strong><\/h4>\n<p>&nbsp;<\/p>\n<p style=\"text-align: center;\">n\u00e9 \u00e0 La Seauve (Saint-Martin-Ch\u00e2teau)<\/p>\n<p style=\"text-align: center;\">le 6 janvier 1836<\/p>\n<p style=\"text-align: center;\">fils de<\/p>\n<p style=\"text-align: center;\">Barth\u00e9l\u00e9my LEGROS, <span style=\"color: #008000;\"><strong>ma\u00e7on<\/strong><\/span> et <span style=\"color: #008000;\"><strong>tailleur de pierre<\/strong><\/span><\/p>\n<p style=\"text-align: center;\">Anne PITANCE<\/p>\n<p style=\"text-align: center;\">propri\u00e9taires cultivateurs<\/p>\n<p style=\"text-align: center;\"><span style=\"color: #ffffff;\">\u25d9<\/span><\/p>\n<p><strong>En 1867<\/strong><em>, Gabriel travaille \u00e0 <\/em><span style=\"color: #0000ff;\"><strong>Bordeaux (33)<\/strong><\/span><em>, et loge avec son p\u00e8re, 3, passage Moreau.<\/em><\/p>\n<p><em>Le 31 janvier de la m\u00eame ann\u00e9e, il y \u00e9pouse Marthe <\/em><strong>MALES<\/strong><em>, domestique originaire de Corr\u00e8ze.<\/em><\/p>\n<p>&nbsp;<\/p>\n","protected":false},"excerpt":{"rendered":"<p>Mis \u00e0 jour le : 29\/04\/2026Gabriel LEGROS 1836 \u2013 apr\u00e8s 1867 \u25ba tailleur de pierre &nbsp; n\u00e9 \u00e0 La Seauve (Saint-Martin-Ch\u00e2teau) le 6 janvier 1836 fils de Barth\u00e9l\u00e9my LEGROS, ma\u00e7on et tailleur de pierre Anne PITANCE propri\u00e9taires cultivateurs \u25d9 En 1867, Gabriel travaille \u00e0 Bordeaux (33), et loge avec son p\u00e8re, 3, passage Moreau. Le ..<\/p>\n<div class=\"clear-fix\"><\/div>\n<p><a href=\"https:\/\/www.lesmaconsdelacreuse.fr\/annuaires\/lettre-l\/l_1008\/\" title=\"Lire la suite...\">Lire la suite<\/a><\/p>\n","protected":false},"author":6,"featured_media":0,"comment_status":"closed","ping_status":"closed","sticky":false,"template":"","format":"standard","meta":{"_acf_changed":false,"_exactmetrics_skip_tracking":false,"_exactmetrics_sitenote_active":false,"_exactmetrics_sitenote_note":"","_exactmetrics_sitenote_category":0,"footnotes":""},"categories":[19],"tags":[],"class_list":["post-7117","post","type-post","status-publish","format-standard","hentry","category-lettre-l"],"acf":[],"_links":{"self":[{"href":"https:\/\/www.lesmaconsdelacreuse.fr\/annuaires\/wp-json\/wp\/v2\/posts\/7117","targetHints":{"allow":["GET"]}}],"collection":[{"href":"https:\/\/www.lesmaconsdelacreuse.fr\/annuaires\/wp-json\/wp\/v2\/posts"}],"about":[{"href":"https:\/\/www.lesmaconsdelacreuse.fr\/annuaires\/wp-json\/wp\/v2\/types\/post"}],"author":[{"embeddable":true,"href":"https:\/\/www.lesmaconsdelacreuse.fr\/annuaires\/wp-json\/wp\/v2\/users\/6"}],"replies":[{"embeddable":true,"href":"https:\/\/www.lesmaconsdelacreuse.fr\/annuaires\/wp-json\/wp\/v2\/comments?post=7117"}],"version-history":[{"count":0,"href":"https:\/\/www.lesmaconsdelacreuse.fr\/annuaires\/wp-json\/wp\/v2\/posts\/7117\/revisions"}],"wp:attachment":[{"href":"https:\/\/www.lesmaconsdelacreuse.fr\/annuaires\/wp-json\/wp\/v2\/media?parent=7117"}],"wp:term":[{"taxonomy":"category","embeddable":true,"href":"https:\/\/www.lesmaconsdelacreuse.fr\/annuaires\/wp-json\/wp\/v2\/categories?post=7117"},{"taxonomy":"post_tag","embeddable":true,"href":"https:\/\/www.lesmaconsdelacreuse.fr\/annuaires\/wp-json\/wp\/v2\/tags?post=7117"}],"curies":[{"name":"wp","href":"https:\/\/api.w.org\/{rel}","templated":true}]}}