{"id":7127,"date":"2019-07-28T13:34:31","date_gmt":"2019-07-28T11:34:31","guid":{"rendered":"http:\/\/lesmaconsdelacreuse.fr\/annuaire\/?p=7127"},"modified":"2020-10-03T14:44:12","modified_gmt":"2020-10-03T12:44:12","slug":"l_1003","status":"publish","type":"post","link":"https:\/\/www.lesmaconsdelacreuse.fr\/annuaires\/lettre-l\/l_1003\/","title":{"rendered":"LEGROS Firmin Andr\u00e9 (1889-1948)"},"content":{"rendered":"<p class=\"last-updated\"><strong>Mis \u00e0 jour le :<\/strong> 30\/04\/2026<\/p><h2 style=\"text-align: center;\"><strong>Firmin Andr\u00e9 LEGROS<\/strong><\/h2>\n<p style=\"text-align: center;\"><strong>1889 \u2013 1948<\/strong><\/p>\n<p style=\"text-align: center;\"><img loading=\"lazy\" decoding=\"async\" class=\"\" title=\"\" src=\"https:\/\/lesmaconsdelacreuse.fr\/annuaire\/wp-content\/uploads\/2019\/07\/image1-1845.jpg\" alt=\"\" width=\"397\" height=\"62\" data-source-id=\"i.0\" data-asset-id=\"7126\" \/><\/p>\n<h4 style=\"text-align: center;\"><span style=\"color: #008000;\"><strong>ma\u00e7on<\/strong> et\u00a0<\/span><strong>\u25ba<\/strong><a href=\"https:\/\/www.lesmaconsdelacreuse.fr\/annuaires\/wp-content\/uploads\/2020\/08\/STUCATEUR.png\" target=\"_blank\" rel=\"noopener noreferrer\"><strong><span style=\"color: #008000;\">stucateur<\/span><\/strong><\/a><\/h4>\n<p>&nbsp;<\/p>\n<p style=\"text-align: center;\">n\u00e9 \u00e0 Tramonteil (Peyrat-le-Ch\u00e2teau \u2013 87)<\/p>\n<p style=\"text-align: center;\">le 27 mars 1889<\/p>\n<p style=\"text-align: center;\">fils de<\/p>\n<p style=\"text-align: center;\">Jean LEGROS \/ Anne BATHIER<\/p>\n<p style=\"text-align: center;\">cultivateurs<\/p>\n<p style=\"text-align: center;\"><span style=\"color: #ffffff;\">\u25d9<\/span><\/p>\n<p><strong>En 1912<\/strong><em>, Firmin travaille \u00e0 <\/em><span style=\"color: #0000ff;\"><strong>Paris (75)<\/strong><\/span><em>, et loge dans le 17e arrondissement.<\/em><\/p>\n<p><em>Il \u00e9pouse Anne <\/em><strong>ANDRIEUX <\/strong><em>le 15 mars <\/em><strong>1917<\/strong> <em>\u00e0 Roy\u00e8re (mari\u00e9s sans contrat). Anne est n\u00e9e \u00e0 Lyon 3e le 5 octobre 1896, fille de Gabriel L\u00e9onard, ma\u00e7on n\u00e9 \u00e0 Langladure, commune de Roy\u00e8re, et de L\u00e9onarde LESTARD. Les \u00e9poux vivent d\u2019abord \u00e0 Roy\u00e8re.<\/em><\/p>\n<p><strong>En 1919<\/strong><em>, Firmin, de retour \u00e0 Paris, loge 5, rue Labat, 18e arrondissement\u00a0;<\/em><\/p>\n<p><strong>en 1921<\/strong><em>, \u00e0 <\/em><span style=\"color: #0000ff;\"><strong>Nanterre (92)<\/strong><\/span><em>, 75, avenue de la R\u00e9publique, puis 403, m\u00eame boulevard.<\/em><\/p>\n<p><strong>En 1927<\/strong><em>, les \u00e9poux y sont ensemble. <\/em><\/p>\n<p><em>Ils d\u00e9c\u00e8dent\u00a0:<\/em><\/p>\n<ul>\n<li><em>Firmin, \u00e0 Nanterre, le 3 mars <\/em><strong>1948<\/strong>,<em> \u00e2g\u00e9 de 58 ans<\/em><\/li>\n<li><em>Anne, \u00e0 Bagneux (92), le 5 octobre <\/em><strong>1981<\/strong><em>, \u00e2g\u00e9e de 84 ans<\/em><\/li>\n<\/ul>\n<p>&nbsp;<\/p>\n","protected":false},"excerpt":{"rendered":"<p>Mis \u00e0 jour le : 30\/04\/2026Firmin Andr\u00e9 LEGROS 1889 \u2013 1948 ma\u00e7on et\u00a0\u25bastucateur &nbsp; n\u00e9 \u00e0 Tramonteil (Peyrat-le-Ch\u00e2teau \u2013 87) le 27 mars 1889 fils de Jean LEGROS \/ Anne BATHIER cultivateurs \u25d9 En 1912, Firmin travaille \u00e0 Paris (75), et loge dans le 17e arrondissement. Il \u00e9pouse Anne ANDRIEUX le 15 mars 1917 \u00e0 ..<\/p>\n<div class=\"clear-fix\"><\/div>\n<p><a href=\"https:\/\/www.lesmaconsdelacreuse.fr\/annuaires\/lettre-l\/l_1003\/\" title=\"Lire la suite...\">Lire la suite<\/a><\/p>\n","protected":false},"author":6,"featured_media":0,"comment_status":"closed","ping_status":"closed","sticky":false,"template":"","format":"standard","meta":{"_acf_changed":false,"_exactmetrics_skip_tracking":false,"_exactmetrics_sitenote_active":false,"_exactmetrics_sitenote_note":"","_exactmetrics_sitenote_category":0,"footnotes":""},"categories":[19],"tags":[],"class_list":["post-7127","post","type-post","status-publish","format-standard","hentry","category-lettre-l"],"acf":[],"_links":{"self":[{"href":"https:\/\/www.lesmaconsdelacreuse.fr\/annuaires\/wp-json\/wp\/v2\/posts\/7127","targetHints":{"allow":["GET"]}}],"collection":[{"href":"https:\/\/www.lesmaconsdelacreuse.fr\/annuaires\/wp-json\/wp\/v2\/posts"}],"about":[{"href":"https:\/\/www.lesmaconsdelacreuse.fr\/annuaires\/wp-json\/wp\/v2\/types\/post"}],"author":[{"embeddable":true,"href":"https:\/\/www.lesmaconsdelacreuse.fr\/annuaires\/wp-json\/wp\/v2\/users\/6"}],"replies":[{"embeddable":true,"href":"https:\/\/www.lesmaconsdelacreuse.fr\/annuaires\/wp-json\/wp\/v2\/comments?post=7127"}],"version-history":[{"count":0,"href":"https:\/\/www.lesmaconsdelacreuse.fr\/annuaires\/wp-json\/wp\/v2\/posts\/7127\/revisions"}],"wp:attachment":[{"href":"https:\/\/www.lesmaconsdelacreuse.fr\/annuaires\/wp-json\/wp\/v2\/media?parent=7127"}],"wp:term":[{"taxonomy":"category","embeddable":true,"href":"https:\/\/www.lesmaconsdelacreuse.fr\/annuaires\/wp-json\/wp\/v2\/categories?post=7127"},{"taxonomy":"post_tag","embeddable":true,"href":"https:\/\/www.lesmaconsdelacreuse.fr\/annuaires\/wp-json\/wp\/v2\/tags?post=7127"}],"curies":[{"name":"wp","href":"https:\/\/api.w.org\/{rel}","templated":true}]}}