{"id":7132,"date":"2019-07-28T13:34:30","date_gmt":"2019-07-28T11:34:30","guid":{"rendered":"http:\/\/lesmaconsdelacreuse.fr\/annuaire\/?p=7132"},"modified":"2022-06-06T18:13:45","modified_gmt":"2022-06-06T16:13:45","slug":"l_1027","status":"publish","type":"post","link":"https:\/\/www.lesmaconsdelacreuse.fr\/annuaires\/lettre-l\/l_1027\/","title":{"rendered":"LEGROS Jean-Baptiste (1873-entre 1919 et 1940)"},"content":{"rendered":"<p class=\"last-updated\"><strong>Mis \u00e0 jour le :<\/strong> 30\/04\/2026<\/p><h2 style=\"text-align: center;\"><strong>Jean-Baptiste LEGROS<\/strong><\/h2>\n<p style=\"text-align: center;\"><strong>1873 \u2013 entre 1919 et 1940<\/strong><\/p>\n<p><a href=\"https:\/\/www.lesmaconsdelacreuse.fr\/annuaires\/wp-content\/uploads\/2019\/07\/LEGROS-Jean-Baptiste-1873.jpg\"><img loading=\"lazy\" decoding=\"async\" class=\" wp-image-200001 aligncenter\" src=\"https:\/\/www.lesmaconsdelacreuse.fr\/annuaires\/wp-content\/uploads\/2019\/07\/LEGROS-Jean-Baptiste-1873.jpg\" alt=\"\" width=\"179\" height=\"97\" srcset=\"https:\/\/www.lesmaconsdelacreuse.fr\/annuaires\/wp-content\/uploads\/2019\/07\/LEGROS-Jean-Baptiste-1873.jpg 105w, https:\/\/www.lesmaconsdelacreuse.fr\/annuaires\/wp-content\/uploads\/2019\/07\/LEGROS-Jean-Baptiste-1873-16x9.jpg 16w\" sizes=\"auto, (max-width: 179px) 100vw, 179px\" \/><\/a><\/p>\n<h4 style=\"text-align: center;\"><span style=\"color: #008000;\"><strong>ma\u00e7on<\/strong><\/span><\/h4>\n<p style=\"text-align: center;\">n\u00e9 \u00e0 Arfeuille (Roy\u00e8re)<\/p>\n<p style=\"text-align: center;\">le 25 janvier 1873<\/p>\n<p style=\"text-align: center;\">fils de<\/p>\n<p style=\"text-align: center;\">Joseph LEGROS, <span style=\"color: #008000;\"><strong>ma\u00e7on <\/strong><\/span>et mar\u00e9chal-ferrant<\/p>\n<p style=\"text-align: center;\">Marie MOUNAUD<\/p>\n<p style=\"text-align: center;\">propri\u00e9taires cultivateurs<\/p>\n<p style=\"text-align: center;\"><span style=\"color: #ffffff;\">\u25d9<\/span><\/p>\n<p><strong>En 1894<\/strong><em>, Jean-Baptiste est ajourn\u00e9 de service militaire pour faiblesse, et reconnu apte <\/em>en 1895, <em>et r\u00e9form\u00e9 ensuite pour endocardite chronique.<\/em><\/p>\n<p><em>Il \u00e9pouse Marie Val\u00e9rie <\/em><strong>BUCHENAUD<\/strong><em> le 16 mars <\/em><strong>1897<\/strong><em> \u00e0 Roy\u00e8re (contrat Toumieux). <\/em><\/p>\n<p><strong>En 1902<\/strong><em>, ils habitent <\/em><span style=\"color: #0000ff;\"><strong>Paris (75)<\/strong><\/span><em>, 2 bis rue du Ruisseau, 18<sup>e<\/sup> arrondissement\u00a0;<\/em><\/p>\n<p><strong>en 1907<\/strong><em>, 18, rue Vincent Compoint, m\u00eame arrondissement.<\/em><\/p>\n<p><strong>\u00a0En 1919<\/strong><em>, ils sont \u00e0 <\/em><span style=\"color: #0000ff;\"><strong>Bondy (93)<\/strong><\/span><em>, 9, rue du G\u00e9n\u00e9ral Gallieni. \u00a0<\/em><\/p>\n<p><em>\u00a0<\/em><em>Marie, domicili\u00e9e \u00e0 Pavillons-sous-Bois, d\u00e9c\u00e8de veuve \u00e0 Paris 20<sup>e<\/sup> le 18 mai <\/em><strong>1940<\/strong><em>, \u00e2g\u00e9e de 60 ans.<\/em><\/p>\n","protected":false},"excerpt":{"rendered":"<p>Mis \u00e0 jour le : 30\/04\/2026Jean-Baptiste LEGROS 1873 \u2013 entre 1919 et 1940 ma\u00e7on n\u00e9 \u00e0 Arfeuille (Roy\u00e8re) le 25 janvier 1873 fils de Joseph LEGROS, ma\u00e7on et mar\u00e9chal-ferrant Marie MOUNAUD propri\u00e9taires cultivateurs \u25d9 En 1894, Jean-Baptiste est ajourn\u00e9 de service militaire pour faiblesse, et reconnu apte en 1895, et r\u00e9form\u00e9 ensuite pour endocardite chronique. ..<\/p>\n<div class=\"clear-fix\"><\/div>\n<p><a href=\"https:\/\/www.lesmaconsdelacreuse.fr\/annuaires\/lettre-l\/l_1027\/\" title=\"Lire la suite...\">Lire la suite<\/a><\/p>\n","protected":false},"author":6,"featured_media":0,"comment_status":"closed","ping_status":"closed","sticky":false,"template":"","format":"standard","meta":{"_acf_changed":false,"_exactmetrics_skip_tracking":false,"_exactmetrics_sitenote_active":false,"_exactmetrics_sitenote_note":"","_exactmetrics_sitenote_category":0,"footnotes":""},"categories":[19],"tags":[],"class_list":["post-7132","post","type-post","status-publish","format-standard","hentry","category-lettre-l"],"acf":[],"_links":{"self":[{"href":"https:\/\/www.lesmaconsdelacreuse.fr\/annuaires\/wp-json\/wp\/v2\/posts\/7132","targetHints":{"allow":["GET"]}}],"collection":[{"href":"https:\/\/www.lesmaconsdelacreuse.fr\/annuaires\/wp-json\/wp\/v2\/posts"}],"about":[{"href":"https:\/\/www.lesmaconsdelacreuse.fr\/annuaires\/wp-json\/wp\/v2\/types\/post"}],"author":[{"embeddable":true,"href":"https:\/\/www.lesmaconsdelacreuse.fr\/annuaires\/wp-json\/wp\/v2\/users\/6"}],"replies":[{"embeddable":true,"href":"https:\/\/www.lesmaconsdelacreuse.fr\/annuaires\/wp-json\/wp\/v2\/comments?post=7132"}],"version-history":[{"count":3,"href":"https:\/\/www.lesmaconsdelacreuse.fr\/annuaires\/wp-json\/wp\/v2\/posts\/7132\/revisions"}],"predecessor-version":[{"id":200002,"href":"https:\/\/www.lesmaconsdelacreuse.fr\/annuaires\/wp-json\/wp\/v2\/posts\/7132\/revisions\/200002"}],"wp:attachment":[{"href":"https:\/\/www.lesmaconsdelacreuse.fr\/annuaires\/wp-json\/wp\/v2\/media?parent=7132"}],"wp:term":[{"taxonomy":"category","embeddable":true,"href":"https:\/\/www.lesmaconsdelacreuse.fr\/annuaires\/wp-json\/wp\/v2\/categories?post=7132"},{"taxonomy":"post_tag","embeddable":true,"href":"https:\/\/www.lesmaconsdelacreuse.fr\/annuaires\/wp-json\/wp\/v2\/tags?post=7132"}],"curies":[{"name":"wp","href":"https:\/\/api.w.org\/{rel}","templated":true}]}}