{"id":7136,"date":"2019-07-28T13:34:30","date_gmt":"2019-07-28T11:34:30","guid":{"rendered":"http:\/\/lesmaconsdelacreuse.fr\/annuaire\/?p=7136"},"modified":"2020-10-05T15:02:22","modified_gmt":"2020-10-05T13:02:22","slug":"l_997","status":"publish","type":"post","link":"https:\/\/www.lesmaconsdelacreuse.fr\/annuaires\/lettre-l\/l_997\/","title":{"rendered":"LEGROS Barth\u00e9l\u00e9my (1798-apr\u00e8s 1864)"},"content":{"rendered":"<p class=\"last-updated\"><strong>Mis \u00e0 jour le :<\/strong> 30\/04\/2026<\/p><h2 style=\"text-align: center;\"><strong>Barth\u00e9l\u00e9my LEGROS<\/strong><\/h2>\n<p style=\"text-align: center;\"><strong>1798 \u2013 apr\u00e8s 1864<\/strong><\/p>\n<p style=\"text-align: center;\"><img decoding=\"async\" title=\"\" src=\"https:\/\/lesmaconsdelacreuse.fr\/annuaire\/wp-content\/uploads\/2019\/07\/image1-1848.jpg\" alt=\"\" data-source-id=\"i.0\" data-asset-id=\"7134\" \/><\/p>\n<h4 style=\"text-align: center;\"><span style=\"color: #008000;\"><strong>ma\u00e7on <\/strong>et<strong> <a href=\"https:\/\/www.lesmaconsdelacreuse.fr\/annuaires\/wp-content\/uploads\/2020\/07\/TAILLEUR-DE-PIERRE.png\">\u25ba <span style=\"color: #008000;\">tailleur de pierre<\/span><\/a><\/strong>; <strong>propri\u00e9taire cultivateur<\/strong><\/span><\/h4>\n<p>&nbsp;<\/p>\n<p style=\"text-align: center;\">n\u00e9 au Bois-la-Combe (Peyrat-le-Ch\u00e2teau -87)<\/p>\n<p style=\"text-align: center;\">le 4 germinal an VI (24 mars 1798)<\/p>\n<p style=\"text-align: center;\">fils de<\/p>\n<p style=\"text-align: center;\">Julien LEGROS \/ Marguerite DULEYRIS<\/p>\n<p style=\"text-align: center;\">laboureurs<\/p>\n<p style=\"text-align: center;\"><span style=\"color: #ffffff;\">\u25d9<\/span><\/p>\n<p><em>Barth\u00e9l\u00e9my \u00e9pouse Anne <\/em><strong>PITANCE<\/strong><em> le 11 f\u00e9vrier <\/em><strong>1822<\/strong><em> \u00e0 Saint-Martin-Ch\u00e2teau (contrat Tramonteil \u00e0 Peyrat).<\/em><\/p>\n<p><em>Le couple habite La Seauve, commune de Saint-Martin, o\u00f9 d\u00e9c\u00e8de Anne le 28 avril <\/em><strong>1844<\/strong><em>, \u00e2g\u00e9e de 37 ans. <\/em><\/p>\n<p><em>Barth\u00e9l\u00e9my se remarie le 9 juillet <\/em><strong>1845<\/strong><em> \u00e0 Saint-Julien-le-Petit (87) avec Marie <\/em><strong>RIBI\u00c8RE<\/strong><em> (contrat Jarrijon \u00e0 Saint-Martin-Ch\u00e2teau).<\/em><\/p>\n<p><strong>En 1852<\/strong><em>, il est \u00e0 <\/em><span style=\"color: #0000ff;\"><strong>Ruelle-sur-Touvre (16)<\/strong><\/span><em> assistant au mariage de son fils Jean-Baptiste.<\/em><\/p>\n<p><em>Marie d\u00e9c\u00e8de au bourg de Saint-Martin le 18 mars <\/em><strong>1864<\/strong>,<em> \u00e2g\u00e9e de 53 ans.<\/em><\/p>\n<p>&nbsp;<\/p>\n","protected":false},"excerpt":{"rendered":"<p>Mis \u00e0 jour le : 30\/04\/2026Barth\u00e9l\u00e9my LEGROS 1798 \u2013 apr\u00e8s 1864 ma\u00e7on et \u25ba tailleur de pierre; propri\u00e9taire cultivateur &nbsp; n\u00e9 au Bois-la-Combe (Peyrat-le-Ch\u00e2teau -87) le 4 germinal an VI (24 mars 1798) fils de Julien LEGROS \/ Marguerite DULEYRIS laboureurs \u25d9 Barth\u00e9l\u00e9my \u00e9pouse Anne PITANCE le 11 f\u00e9vrier 1822 \u00e0 Saint-Martin-Ch\u00e2teau (contrat Tramonteil \u00e0 ..<\/p>\n<div class=\"clear-fix\"><\/div>\n<p><a href=\"https:\/\/www.lesmaconsdelacreuse.fr\/annuaires\/lettre-l\/l_997\/\" title=\"Lire la suite...\">Lire la suite<\/a><\/p>\n","protected":false},"author":6,"featured_media":0,"comment_status":"closed","ping_status":"closed","sticky":false,"template":"","format":"standard","meta":{"_acf_changed":false,"_exactmetrics_skip_tracking":false,"_exactmetrics_sitenote_active":false,"_exactmetrics_sitenote_note":"","_exactmetrics_sitenote_category":0,"footnotes":""},"categories":[19],"tags":[],"class_list":["post-7136","post","type-post","status-publish","format-standard","hentry","category-lettre-l"],"acf":[],"_links":{"self":[{"href":"https:\/\/www.lesmaconsdelacreuse.fr\/annuaires\/wp-json\/wp\/v2\/posts\/7136","targetHints":{"allow":["GET"]}}],"collection":[{"href":"https:\/\/www.lesmaconsdelacreuse.fr\/annuaires\/wp-json\/wp\/v2\/posts"}],"about":[{"href":"https:\/\/www.lesmaconsdelacreuse.fr\/annuaires\/wp-json\/wp\/v2\/types\/post"}],"author":[{"embeddable":true,"href":"https:\/\/www.lesmaconsdelacreuse.fr\/annuaires\/wp-json\/wp\/v2\/users\/6"}],"replies":[{"embeddable":true,"href":"https:\/\/www.lesmaconsdelacreuse.fr\/annuaires\/wp-json\/wp\/v2\/comments?post=7136"}],"version-history":[{"count":0,"href":"https:\/\/www.lesmaconsdelacreuse.fr\/annuaires\/wp-json\/wp\/v2\/posts\/7136\/revisions"}],"wp:attachment":[{"href":"https:\/\/www.lesmaconsdelacreuse.fr\/annuaires\/wp-json\/wp\/v2\/media?parent=7136"}],"wp:term":[{"taxonomy":"category","embeddable":true,"href":"https:\/\/www.lesmaconsdelacreuse.fr\/annuaires\/wp-json\/wp\/v2\/categories?post=7136"},{"taxonomy":"post_tag","embeddable":true,"href":"https:\/\/www.lesmaconsdelacreuse.fr\/annuaires\/wp-json\/wp\/v2\/tags?post=7136"}],"curies":[{"name":"wp","href":"https:\/\/api.w.org\/{rel}","templated":true}]}}