{"id":7140,"date":"2019-07-28T13:34:30","date_gmt":"2019-07-28T11:34:30","guid":{"rendered":"http:\/\/lesmaconsdelacreuse.fr\/annuaire\/?p=7140"},"modified":"2021-11-24T11:36:36","modified_gmt":"2021-11-24T10:36:36","slug":"l_929","status":"publish","type":"post","link":"https:\/\/www.lesmaconsdelacreuse.fr\/annuaires\/lettre-l\/l_929\/","title":{"rendered":"LEGER Ferdinand (1906-1958)"},"content":{"rendered":"<p class=\"last-updated\"><strong>Mis \u00e0 jour le :<\/strong> 30\/04\/2026<\/p><h2 style=\"text-align: center;\"><strong>Ferdinand L\u00c9GER<\/strong><\/h2>\n<p style=\"text-align: center;\"><strong>1906 \u2013 1958<\/strong><\/p>\n<p style=\"text-align: center;\"><img decoding=\"async\" title=\"\" src=\"https:\/\/lesmaconsdelacreuse.fr\/annuaire\/wp-content\/uploads\/2019\/07\/image1-1849.jpg\" alt=\"\" data-source-id=\"i.0\" data-asset-id=\"7138\" \/><\/p>\n<h4 style=\"text-align: center;\"><strong><span style=\"color: #008000;\"><em>\u25ba<a href=\"https:\/\/www.lesmaconsdelacreuse.fr\/annuaires\/wp-content\/uploads\/2020\/07\/FUMISTE.png\" target=\"_blank\" rel=\"noopener noreferrer\"><span style=\"color: #008000;\">fumiste<\/span><\/a><\/em> industriel<\/span><\/strong><\/h4>\n<p>&nbsp;<\/p>\n<p style=\"text-align: center;\">n\u00e9 aux Salles (Gentioux)<\/p>\n<p style=\"text-align: center;\">le 6 septembre 1906<\/p>\n<p style=\"text-align: center;\">fils de<\/p>\n<p style=\"text-align: center;\">Joseph L\u00c9GER, <span style=\"color: #008000;\"><strong>ma\u00e7on <\/strong><\/span>et<span style=\"color: #008000;\"><strong> fumiste<\/strong><\/span><\/p>\n<p style=\"text-align: center;\">L\u00e9onarde Victoria LEDUC, cultivatrice<\/p>\n<p style=\"text-align: center;\"><span style=\"color: #ffffff;\">\u25d9<\/span><\/p>\n<p><em>Ferdinand \u00e9pouse Suzanne Louise <\/em><strong>GIRAUD<\/strong><em> le 7 avril <\/em><strong>1931<\/strong><em> \u00e0 Roy\u00e8re (mari\u00e9s sans contrat).<\/em><\/p>\n<p><em> Ils habitent Roy\u00e8re.<\/em><\/p>\n<p><em>Ferdinand d\u00e9c\u00e8de \u00e0 Auzances le 18 mai <\/em><strong>1958<\/strong><em>, \u00e2g\u00e9 de 51 ans.<\/em><\/p>\n<p>&nbsp;<\/p>\n","protected":false},"excerpt":{"rendered":"<p>Mis \u00e0 jour le : 30\/04\/2026Ferdinand L\u00c9GER 1906 \u2013 1958 \u25bafumiste industriel &nbsp; n\u00e9 aux Salles (Gentioux) le 6 septembre 1906 fils de Joseph L\u00c9GER, ma\u00e7on et fumiste L\u00e9onarde Victoria LEDUC, cultivatrice \u25d9 Ferdinand \u00e9pouse Suzanne Louise GIRAUD le 7 avril 1931 \u00e0 Roy\u00e8re (mari\u00e9s sans contrat). Ils habitent Roy\u00e8re. Ferdinand d\u00e9c\u00e8de \u00e0 Auzances le ..<\/p>\n<div class=\"clear-fix\"><\/div>\n<p><a href=\"https:\/\/www.lesmaconsdelacreuse.fr\/annuaires\/lettre-l\/l_929\/\" title=\"Lire la suite...\">Lire la suite<\/a><\/p>\n","protected":false},"author":6,"featured_media":0,"comment_status":"closed","ping_status":"closed","sticky":false,"template":"","format":"standard","meta":{"_acf_changed":false,"_exactmetrics_skip_tracking":false,"_exactmetrics_sitenote_active":false,"_exactmetrics_sitenote_note":"","_exactmetrics_sitenote_category":0,"footnotes":""},"categories":[19],"tags":[],"class_list":["post-7140","post","type-post","status-publish","format-standard","hentry","category-lettre-l"],"acf":[],"_links":{"self":[{"href":"https:\/\/www.lesmaconsdelacreuse.fr\/annuaires\/wp-json\/wp\/v2\/posts\/7140","targetHints":{"allow":["GET"]}}],"collection":[{"href":"https:\/\/www.lesmaconsdelacreuse.fr\/annuaires\/wp-json\/wp\/v2\/posts"}],"about":[{"href":"https:\/\/www.lesmaconsdelacreuse.fr\/annuaires\/wp-json\/wp\/v2\/types\/post"}],"author":[{"embeddable":true,"href":"https:\/\/www.lesmaconsdelacreuse.fr\/annuaires\/wp-json\/wp\/v2\/users\/6"}],"replies":[{"embeddable":true,"href":"https:\/\/www.lesmaconsdelacreuse.fr\/annuaires\/wp-json\/wp\/v2\/comments?post=7140"}],"version-history":[{"count":1,"href":"https:\/\/www.lesmaconsdelacreuse.fr\/annuaires\/wp-json\/wp\/v2\/posts\/7140\/revisions"}],"predecessor-version":[{"id":192625,"href":"https:\/\/www.lesmaconsdelacreuse.fr\/annuaires\/wp-json\/wp\/v2\/posts\/7140\/revisions\/192625"}],"wp:attachment":[{"href":"https:\/\/www.lesmaconsdelacreuse.fr\/annuaires\/wp-json\/wp\/v2\/media?parent=7140"}],"wp:term":[{"taxonomy":"category","embeddable":true,"href":"https:\/\/www.lesmaconsdelacreuse.fr\/annuaires\/wp-json\/wp\/v2\/categories?post=7140"},{"taxonomy":"post_tag","embeddable":true,"href":"https:\/\/www.lesmaconsdelacreuse.fr\/annuaires\/wp-json\/wp\/v2\/tags?post=7140"}],"curies":[{"name":"wp","href":"https:\/\/api.w.org\/{rel}","templated":true}]}}